{"id":12157,"date":"2015-10-06T14:13:15","date_gmt":"2015-10-06T18:13:15","guid":{"rendered":"https:\/\/ocorreionews.com.br\/?p=12157"},"modified":"2015-10-06T14:18:07","modified_gmt":"2015-10-06T18:18:07","slug":"morre-no-hr-de-coxim-vitima-de-acidente-aereo-na-regiao-pantaneira","status":"publish","type":"post","link":"https:\/\/www.ocorreionews.com.br\/acervo-correio\/?p=12157","title":{"rendered":"Morre no HR de Coxim v\u00edtima de acidente a\u00e9reo na regi\u00e3o pantaneira"},"content":{"rendered":"<p>Faltavam 15 minutos para as 14 horas desta ter\u00e7a-feira (06) quando morreu uma das v\u00edtimas do acidente a\u00e9reo na regi\u00e3o pantaneira. Aos 80 anos, Ernesto Pradebom n\u00e3o resistiu aos ferimentos.<\/p>\n<p>Com traumatismo craniano encef\u00e1lico, seguido de parada cardiorrespirat\u00f3ria, ele morreu logo que deu entrada no Hospital Regional \u00c1lvaro Fontoura, em Coxim.<\/p>\n<p>Pradebom teve a parada enquanto era transferido do helic\u00f3ptero do Esquadr\u00e3o Pelicano para o avi\u00e3o da FAB (For\u00e7a A\u00e9rea Brasileira) no aeroporto de Coxim, por volta das 13h15.<\/p>\n<p><a href=\"http:\/\/edicaoms.com.br\/uploads\/images\/noticias\/fe953c1ce12efcadabb6578d24c79644.jpg\" data-lightbox=\"example-2\" data-title=\"Foto: PC de Souza\"><img decoding=\"async\" title=\"\" src=\"http:\/\/edicaoms.com.br\/uploads\/images\/noticias\/fe953c1ce12efcadabb6578d24c79644.jpg\" alt=\"\" \/><\/a><\/p>\n<p>Com ferimentos mais leves, seu sobrinho, Luiz Eduardo Pradebom, de 46 anos, seguiu de carona para o HR, onde o tio ser\u00e1 atendido. A outra v\u00edtima, identificada como Jos\u00e9 de Arimat\u00e9ria, continuou no avi\u00e3o ainda em solo coxinense, mas pouco tempo depois decolou para Campo Grande. Ele tamb\u00e9m \u00e9 assistido pelo Esquadr\u00e3o Pelicano.<\/p>\n<p><strong>O acidente<\/strong><\/p>\n<p>As v\u00edtimas estavam a bordo de um Embraer Sertanejo 721 C, que caiu pr\u00f3ximo a fazenda Guanabara, na regi\u00e3o pantaneira, divisa dos munic\u00edpios de Coxim e Corumb\u00e1. A localiza\u00e7\u00e3o exata, conforme a Base A\u00e9rea, fica a 150 quil\u00f4metros noroeste de Coxim.<\/p>\n<div class=\"conteudo_noticias\">\n<div class=\"clear\"><\/div>\n<div class=\"noticia_conteudo\">\n<div class=\"imagem_noticia right img300_225\">\n<p><a href=\"http:\/\/edicaoms.com.br\/uploads\/images\/noticias\/25b1c7210cd57ee438d502e110b42f8c.jpg\" data-lightbox=\"example-2\" data-title=\"Foto: PC de Souza\"><img decoding=\"async\" title=\"\" src=\"http:\/\/edicaoms.com.br\/uploads\/images\/noticias\/25b1c7210cd57ee438d502e110b42f8c.jpg\" alt=\"\" \/><\/a><\/p>\n<div class=\"foto_legenda\">Foto: PC de Souza<\/div>\n<\/div>\n<div class=\"imagem_noticia left img300_225\"><a href=\"http:\/\/edicaoms.com.br\/uploads\/images\/noticias\/ec0e924a04eb9f1ffc7911172adf1f3a.jpg\" data-lightbox=\"example-2\" data-title=\"\"><img decoding=\"async\" title=\"\" src=\"http:\/\/edicaoms.com.br\/uploads\/images\/noticias\/ec0e924a04eb9f1ffc7911172adf1f3a.jpg\" alt=\"\" \/><\/a><\/div>\n<\/div>\n<\/div>\n<p>A causa do acidente ainda \u00e9 desconhecida e ser\u00e1 investigada. De acordo com o que foi apurado pelo Edi\u00e7\u00e3o de Not\u00edcias, o Corpo de Bombeiros de Corumb\u00e1 recebeu o alerta da Base A\u00e9rea de Curitiba (PR), informando sobre o acidente e solicitando apoio das unidades de resgate.<\/p>\n<p>Sheila Forato edi\u00e7a\u00f5noticias<\/p>\n<div class=\"imagem_noticia center img640_480\">\n<div class=\"foto_legenda\">Foto: PC de Souza<\/div>\n<\/div>\n","protected":false},"excerpt":{"rendered":"<p>Faltavam 15 minutos para as 14 horas desta ter\u00e7a-feira (06) quando morreu uma das v\u00edtimas do acidente a\u00e9reo na regi\u00e3o pantaneira. Aos 80 anos, Ernesto Pradebom n\u00e3o resistiu aos ferimentos. Com traumatismo craniano encef\u00e1lico, seguido de parada cardiorrespirat\u00f3ria, ele morreu logo que deu entrada no Hospital Regional \u00c1lvaro Fontoura, em Coxim. Pradebom teve a parada [&hellip;]<\/p>\n","protected":false},"author":4,"featured_media":12158,"comment_status":"closed","ping_status":"closed","sticky":false,"template":"","format":"standard","meta":{"footnotes":""},"categories":[38],"tags":[],"class_list":["post-12157","post","type-post","status-publish","format-standard","has-post-thumbnail","hentry","category-policia"],"_links":{"self":[{"href":"https:\/\/www.ocorreionews.com.br\/acervo-correio\/index.php?rest_route=\/wp\/v2\/posts\/12157","targetHints":{"allow":["GET"]}}],"collection":[{"href":"https:\/\/www.ocorreionews.com.br\/acervo-correio\/index.php?rest_route=\/wp\/v2\/posts"}],"about":[{"href":"https:\/\/www.ocorreionews.com.br\/acervo-correio\/index.php?rest_route=\/wp\/v2\/types\/post"}],"author":[{"embeddable":true,"href":"https:\/\/www.ocorreionews.com.br\/acervo-correio\/index.php?rest_route=\/wp\/v2\/users\/4"}],"replies":[{"embeddable":true,"href":"https:\/\/www.ocorreionews.com.br\/acervo-correio\/index.php?rest_route=%2Fwp%2Fv2%2Fcomments&post=12157"}],"version-history":[{"count":0,"href":"https:\/\/www.ocorreionews.com.br\/acervo-correio\/index.php?rest_route=\/wp\/v2\/posts\/12157\/revisions"}],"wp:featuredmedia":[{"embeddable":true,"href":"https:\/\/www.ocorreionews.com.br\/acervo-correio\/index.php?rest_route=\/wp\/v2\/media\/12158"}],"wp:attachment":[{"href":"https:\/\/www.ocorreionews.com.br\/acervo-correio\/index.php?rest_route=%2Fwp%2Fv2%2Fmedia&parent=12157"}],"wp:term":[{"taxonomy":"category","embeddable":true,"href":"https:\/\/www.ocorreionews.com.br\/acervo-correio\/index.php?rest_route=%2Fwp%2Fv2%2Fcategories&post=12157"},{"taxonomy":"post_tag","embeddable":true,"href":"https:\/\/www.ocorreionews.com.br\/acervo-correio\/index.php?rest_route=%2Fwp%2Fv2%2Ftags&post=12157"}],"curies":[{"name":"wp","href":"https:\/\/api.w.org\/{rel}","templated":true}]}}