{"id":12167,"date":"2015-10-06T14:37:01","date_gmt":"2015-10-06T18:37:01","guid":{"rendered":"https:\/\/ocorreionews.com.br\/?p=12167"},"modified":"2015-10-06T14:38:12","modified_gmt":"2015-10-06T18:38:12","slug":"temperatura-chega-a-35o-graus-em-chapadao-do-sul","status":"publish","type":"post","link":"https:\/\/www.ocorreionews.com.br\/acervo-correio\/?p=12167","title":{"rendered":"Temperatura chega a 35\u00ba graus em Chapad\u00e3o do Sul"},"content":{"rendered":"<p style=\"text-align: justify;\">Os sul-chapadenses, est\u00e3o sofrendo com o forte calor. Nesta ter\u00e7a-feira 06 de outubro,\u00a0no in\u00edcio desta tarde a temperatura esta nos 35\u00ba , conforme os term\u00f4metros registrados em v\u00e1rias partes da cidade.<\/p>\n<p style=\"text-align: justify;\">Sem d\u00favida \u00e9 um dos meses mais quentes dos \u00faltimos anos. Apesar de estar 800 metros acima do mar e acostumados a uma temperatura em torno de 25 a 28\u00ba, o munic\u00edpio enfrenta o pior calor dos \u00faltimos anos.<\/p>\n<p style=\"text-align: justify;\">Muitos produtores que iniciaram o plantio da soja, j\u00e1 est\u00e3o preocupados com a possibilidade da perca e j\u00e1 paralisaram os servi\u00e7os.<\/p>\n","protected":false},"excerpt":{"rendered":"<p>Os sul-chapadenses, est\u00e3o sofrendo com o forte calor. Nesta ter\u00e7a-feira 06 de outubro,\u00a0no in\u00edcio desta tarde a temperatura esta nos 35\u00ba , conforme os term\u00f4metros registrados em v\u00e1rias partes da cidade. Sem d\u00favida \u00e9 um dos meses mais quentes dos \u00faltimos anos. Apesar de estar 800 metros acima do mar e acostumados a uma temperatura [&hellip;]<\/p>\n","protected":false},"author":4,"featured_media":12168,"comment_status":"closed","ping_status":"closed","sticky":false,"template":"","format":"standard","meta":{"footnotes":""},"categories":[23],"tags":[],"class_list":["post-12167","post","type-post","status-publish","format-standard","has-post-thumbnail","hentry","category-chapadao-do-sul"],"_links":{"self":[{"href":"https:\/\/www.ocorreionews.com.br\/acervo-correio\/index.php?rest_route=\/wp\/v2\/posts\/12167","targetHints":{"allow":["GET"]}}],"collection":[{"href":"https:\/\/www.ocorreionews.com.br\/acervo-correio\/index.php?rest_route=\/wp\/v2\/posts"}],"about":[{"href":"https:\/\/www.ocorreionews.com.br\/acervo-correio\/index.php?rest_route=\/wp\/v2\/types\/post"}],"author":[{"embeddable":true,"href":"https:\/\/www.ocorreionews.com.br\/acervo-correio\/index.php?rest_route=\/wp\/v2\/users\/4"}],"replies":[{"embeddable":true,"href":"https:\/\/www.ocorreionews.com.br\/acervo-correio\/index.php?rest_route=%2Fwp%2Fv2%2Fcomments&post=12167"}],"version-history":[{"count":0,"href":"https:\/\/www.ocorreionews.com.br\/acervo-correio\/index.php?rest_route=\/wp\/v2\/posts\/12167\/revisions"}],"wp:featuredmedia":[{"embeddable":true,"href":"https:\/\/www.ocorreionews.com.br\/acervo-correio\/index.php?rest_route=\/wp\/v2\/media\/12168"}],"wp:attachment":[{"href":"https:\/\/www.ocorreionews.com.br\/acervo-correio\/index.php?rest_route=%2Fwp%2Fv2%2Fmedia&parent=12167"}],"wp:term":[{"taxonomy":"category","embeddable":true,"href":"https:\/\/www.ocorreionews.com.br\/acervo-correio\/index.php?rest_route=%2Fwp%2Fv2%2Fcategories&post=12167"},{"taxonomy":"post_tag","embeddable":true,"href":"https:\/\/www.ocorreionews.com.br\/acervo-correio\/index.php?rest_route=%2Fwp%2Fv2%2Ftags&post=12167"}],"curies":[{"name":"wp","href":"https:\/\/api.w.org\/{rel}","templated":true}]}}