{"id":12214,"date":"2015-10-07T08:35:19","date_gmt":"2015-10-07T12:35:19","guid":{"rendered":"https:\/\/ocorreionews.com.br\/?p=12214"},"modified":"2015-10-07T08:35:19","modified_gmt":"2015-10-07T12:35:19","slug":"tse-mantem-acao-do-psdb-para-impugnar-mandato-de-dilma-e-temer","status":"publish","type":"post","link":"https:\/\/www.ocorreionews.com.br\/acervo-correio\/?p=12214","title":{"rendered":"TSE mant\u00e9m a\u00e7\u00e3o do PSDB para impugnar mandato de Dilma e Temer"},"content":{"rendered":"<p>O\u00a0Tribunal Superior Eleitoral\u00a0(TSE) decidiu nesta ter\u00e7a-feira (6) manter uma a\u00e7\u00e3o do PSDB que pede a impugna\u00e7\u00e3o dos mandatos da presidente Dilma Rousseff e do vice\u00a0Michel Temer\u00a0por suposto abuso de poder pol\u00edtico e econ\u00f4mico na elei\u00e7\u00e3o de 2014. A a\u00e7\u00e3o tinha sido arquivada e agora os ministros decidiram reabri-la.<\/p>\n<p>Por cinco votos a dois, a maioria dos ministros reverteu uma decis\u00e3o de fevereiro da ministra Maria Thereza de Assis Moura, que havia arquivado o caso em fevereiro. Em outras sess\u00f5es, j\u00e1 haviam votado pela continuidade os ministros\u00a0Gilmar Mendes, Jo\u00e3o Ot\u00e1vio de Noronha, Luiz Fux e Henrique Neves. Contra, havia votado somente Maria Thereza.<\/p>\n<p>Na sess\u00e3o desta ter\u00e7a, a ministra Luciana L\u00f3ssio votou pelo arquivamento, alegando que as acusa\u00e7\u00f5es feitas pelo\u00a0PSDB\u00a0carecem de provas, baseadas apenas em not\u00edcias de jornal. O presidente do TSE, Dias Toffoli, votou pela continuidade, em r\u00e1pido voto.<\/p>\n<p>&nbsp;<\/p>\n<p>&nbsp;<\/p>\n<p>G1<\/p>\n","protected":false},"excerpt":{"rendered":"<p>O\u00a0Tribunal Superior Eleitoral\u00a0(TSE) decidiu nesta ter\u00e7a-feira (6) manter uma a\u00e7\u00e3o do PSDB que pede a impugna\u00e7\u00e3o dos mandatos da presidente Dilma Rousseff e do vice\u00a0Michel Temer\u00a0por suposto abuso de poder pol\u00edtico e econ\u00f4mico na elei\u00e7\u00e3o de 2014. A a\u00e7\u00e3o tinha sido arquivada e agora os ministros decidiram reabri-la. Por cinco votos a dois, a maioria [&hellip;]<\/p>\n","protected":false},"author":4,"featured_media":12215,"comment_status":"closed","ping_status":"closed","sticky":false,"template":"","format":"standard","meta":{"footnotes":""},"categories":[37],"tags":[],"class_list":["post-12214","post","type-post","status-publish","format-standard","has-post-thumbnail","hentry","category-politica"],"_links":{"self":[{"href":"https:\/\/www.ocorreionews.com.br\/acervo-correio\/index.php?rest_route=\/wp\/v2\/posts\/12214","targetHints":{"allow":["GET"]}}],"collection":[{"href":"https:\/\/www.ocorreionews.com.br\/acervo-correio\/index.php?rest_route=\/wp\/v2\/posts"}],"about":[{"href":"https:\/\/www.ocorreionews.com.br\/acervo-correio\/index.php?rest_route=\/wp\/v2\/types\/post"}],"author":[{"embeddable":true,"href":"https:\/\/www.ocorreionews.com.br\/acervo-correio\/index.php?rest_route=\/wp\/v2\/users\/4"}],"replies":[{"embeddable":true,"href":"https:\/\/www.ocorreionews.com.br\/acervo-correio\/index.php?rest_route=%2Fwp%2Fv2%2Fcomments&post=12214"}],"version-history":[{"count":0,"href":"https:\/\/www.ocorreionews.com.br\/acervo-correio\/index.php?rest_route=\/wp\/v2\/posts\/12214\/revisions"}],"wp:featuredmedia":[{"embeddable":true,"href":"https:\/\/www.ocorreionews.com.br\/acervo-correio\/index.php?rest_route=\/wp\/v2\/media\/12215"}],"wp:attachment":[{"href":"https:\/\/www.ocorreionews.com.br\/acervo-correio\/index.php?rest_route=%2Fwp%2Fv2%2Fmedia&parent=12214"}],"wp:term":[{"taxonomy":"category","embeddable":true,"href":"https:\/\/www.ocorreionews.com.br\/acervo-correio\/index.php?rest_route=%2Fwp%2Fv2%2Fcategories&post=12214"},{"taxonomy":"post_tag","embeddable":true,"href":"https:\/\/www.ocorreionews.com.br\/acervo-correio\/index.php?rest_route=%2Fwp%2Fv2%2Ftags&post=12214"}],"curies":[{"name":"wp","href":"https:\/\/api.w.org\/{rel}","templated":true}]}}