{"id":12217,"date":"2015-10-07T08:38:45","date_gmt":"2015-10-07T12:38:45","guid":{"rendered":"https:\/\/ocorreionews.com.br\/?p=12217"},"modified":"2015-10-07T08:38:45","modified_gmt":"2015-10-07T12:38:45","slug":"20o-baile-do-chopp-acontece-no-dia-28-de-novembro-em-paraiso-das-aguas","status":"publish","type":"post","link":"https:\/\/www.ocorreionews.com.br\/acervo-correio\/?p=12217","title":{"rendered":"20\u00ba Baile do Chopp acontece no dia 28 de novembro em Para\u00edso das \u00c1guas"},"content":{"rendered":"<p>Ser\u00e1 realizado no dia 28 de novembro, o tradicional Baile do Chopp, em sua 20\u00aa edi\u00e7\u00e3o. A organiza\u00e7\u00e3o de M\u00e1rcio Sonoriza\u00e7\u00e3o, confirmou a grande atra\u00e7\u00e3o da noite, a Banda Jafferson, com uma nova roupagem e estrutura que levar\u00e1 o p\u00fablico \u00e0 loucura com suas apresenta\u00e7\u00f5es.<\/p>\n<p>&nbsp;<\/p>\n<p>O Baile do Chopp \u00e9 conhecido pela sua qualidade em estrutura e chopp saboroso.<\/p>\n<p>&nbsp;<\/p>\n<p>Ser\u00e1 o evento realizado no Clube do La\u00e7o de Para\u00edso das \u00c1guas, a partir das 22h, onde contar\u00e1 com um forte aparato de seguran\u00e7a e organiza\u00e7\u00e3o.<\/p>\n<p>&nbsp;<\/p>\n<p>Canecas j\u00e1 est\u00e3o \u00e0 vendas com os promoters.<\/p>\n<p>&nbsp;<\/p>\n<p>A organiza\u00e7\u00e3o do evento informou que os menores de 18 (dezoito) anos devem ficar atentos, quanto \u00e0 apresenta\u00e7\u00e3o obrigat\u00f3ria da Autoriza\u00e7\u00e3o dos Pais ou respons\u00e1veis. N\u00e3o ser\u00e1 permitida a entrada de menores desacompanhado dos pais, sem estar portanto a devida autoriza\u00e7\u00e3o. Outrossim, \u00e9 quanto \u00e0s revistas, obrigat\u00f3ria para todos os participantes do evento na portaria do mesmo. S\u00f3 ser\u00e1 permitida a entrada do p\u00fablico ap\u00f3s revistado um \u00e0 um (homens e mulheres).<\/p>\n<p><a href=\"https:\/\/ocorreionews.com.br\/wp-content\/uploads\/2015\/10\/baile-do-chopp.jpg\"><img loading=\"lazy\" decoding=\"async\" class=\"alignnone size-full wp-image-12218\" src=\"https:\/\/ocorreionews.com.br\/wp-content\/uploads\/2015\/10\/baile-do-chopp.jpg\" alt=\"baile do chopp\" width=\"500\" height=\"706\" srcset=\"https:\/\/www.ocorreionews.com.br\/acervo-correio\/wp-content\/uploads\/2015\/10\/baile-do-chopp.jpg 500w, https:\/\/www.ocorreionews.com.br\/acervo-correio\/wp-content\/uploads\/2015\/10\/baile-do-chopp-212x300.jpg 212w\" sizes=\"auto, (max-width: 500px) 100vw, 500px\" \/><\/a><\/p>\n<p>&nbsp;<\/p>\n<p>Brito News<\/p>\n","protected":false},"excerpt":{"rendered":"<p>Ser\u00e1 realizado no dia 28 de novembro, o tradicional Baile do Chopp, em sua 20\u00aa edi\u00e7\u00e3o. A organiza\u00e7\u00e3o de M\u00e1rcio Sonoriza\u00e7\u00e3o, confirmou a grande atra\u00e7\u00e3o da noite, a Banda Jafferson, com uma nova roupagem e estrutura que levar\u00e1 o p\u00fablico \u00e0 loucura com suas apresenta\u00e7\u00f5es. &nbsp; O Baile do Chopp \u00e9 conhecido pela sua qualidade [&hellip;]<\/p>\n","protected":false},"author":4,"featured_media":12219,"comment_status":"closed","ping_status":"closed","sticky":false,"template":"","format":"standard","meta":{"footnotes":""},"categories":[36],"tags":[],"class_list":["post-12217","post","type-post","status-publish","format-standard","has-post-thumbnail","hentry","category-paraiso-das-aguas"],"_links":{"self":[{"href":"https:\/\/www.ocorreionews.com.br\/acervo-correio\/index.php?rest_route=\/wp\/v2\/posts\/12217","targetHints":{"allow":["GET"]}}],"collection":[{"href":"https:\/\/www.ocorreionews.com.br\/acervo-correio\/index.php?rest_route=\/wp\/v2\/posts"}],"about":[{"href":"https:\/\/www.ocorreionews.com.br\/acervo-correio\/index.php?rest_route=\/wp\/v2\/types\/post"}],"author":[{"embeddable":true,"href":"https:\/\/www.ocorreionews.com.br\/acervo-correio\/index.php?rest_route=\/wp\/v2\/users\/4"}],"replies":[{"embeddable":true,"href":"https:\/\/www.ocorreionews.com.br\/acervo-correio\/index.php?rest_route=%2Fwp%2Fv2%2Fcomments&post=12217"}],"version-history":[{"count":0,"href":"https:\/\/www.ocorreionews.com.br\/acervo-correio\/index.php?rest_route=\/wp\/v2\/posts\/12217\/revisions"}],"wp:featuredmedia":[{"embeddable":true,"href":"https:\/\/www.ocorreionews.com.br\/acervo-correio\/index.php?rest_route=\/wp\/v2\/media\/12219"}],"wp:attachment":[{"href":"https:\/\/www.ocorreionews.com.br\/acervo-correio\/index.php?rest_route=%2Fwp%2Fv2%2Fmedia&parent=12217"}],"wp:term":[{"taxonomy":"category","embeddable":true,"href":"https:\/\/www.ocorreionews.com.br\/acervo-correio\/index.php?rest_route=%2Fwp%2Fv2%2Fcategories&post=12217"},{"taxonomy":"post_tag","embeddable":true,"href":"https:\/\/www.ocorreionews.com.br\/acervo-correio\/index.php?rest_route=%2Fwp%2Fv2%2Ftags&post=12217"}],"curies":[{"name":"wp","href":"https:\/\/api.w.org\/{rel}","templated":true}]}}