{"id":12225,"date":"2015-10-07T09:00:12","date_gmt":"2015-10-07T13:00:12","guid":{"rendered":"https:\/\/ocorreionews.com.br\/?p=12225"},"modified":"2015-10-07T09:00:12","modified_gmt":"2015-10-07T13:00:12","slug":"vereador-walter-rosa-solicita-servicos-do-vapt-vupt-itinerante-em-chapadao-do-ceu","status":"publish","type":"post","link":"https:\/\/www.ocorreionews.com.br\/acervo-correio\/?p=12225","title":{"rendered":"Vereador Walter Rosa solicita servi\u00e7os do Vapt Vupt Itinerante em Chapad\u00e3o do C\u00e9u"},"content":{"rendered":"<p style=\"text-align: justify;\">Para atender a popula\u00e7\u00e3o que necessita de documentos como carteira de identidade, CPF, Carteira de Trabalho, entre outros. O Vereador Walter Rosa (PP), esteve reunido com o Deputado Estadual Lissauer Vieira (PSD), no dia\u00a0\u00a0\u00a0\u00a0 de setembro em Goi\u00e2nia, tratando de assuntos relacionados \u00e0 Chapad\u00e3o do C\u00e9u.<\/p>\n<p style=\"text-align: justify;\">Na oportunidade o Vereador Walter Rosa solicitou ao Deputado Lissauer que o Governo Estadual disponibilize ao munic\u00edpio a visita do Vapt Vupt Itinerante com o objetivo de auxiliar e facilitar o acesso \u00e0 popula\u00e7\u00e3o dos diversos servi\u00e7os oferecidos pelo programa que percorre v\u00e1rias cidades de Goi\u00e1s.<\/p>\n<p style=\"text-align: justify;\">O Vapt Vupt \u2013 Servi\u00e7o Integrado de Atendimento ao Cidad\u00e3o tem como objetivo ampliar o acesso do cidad\u00e3o aos diversos servi\u00e7os p\u00fablicos, visando proporcionar um atendimento diferenciado r\u00e1pido e eficaz. O programa oferece servi\u00e7os de diversos \u00f3rg\u00e3os, das esferas: Federal, Estadual e Municipal e de empresas privadas prestadoras de servi\u00e7os de interesse p\u00fablico.<\/p>\n<p style=\"text-align: justify;\">O Deputado Lissauer relatou que estar\u00e1 levando a reivindica\u00e7\u00e3o do Vereador Walter Rosa \u00e0 SEGPLAN \u2013 Secretaria de gest\u00e3o e Planejamento, colocando na agenda para que o munic\u00edpio seja beneficiado com o Vapt Vupt Itinerante em 2016.<\/p>\n<p style=\"text-align: justify;\">Assecom C\u00e2mara Municipal<\/p>\n","protected":false},"excerpt":{"rendered":"<p>Para atender a popula\u00e7\u00e3o que necessita de documentos como carteira de identidade, CPF, Carteira de Trabalho, entre outros. O Vereador Walter Rosa (PP), esteve reunido com o Deputado Estadual Lissauer Vieira (PSD), no dia\u00a0\u00a0\u00a0\u00a0 de setembro em Goi\u00e2nia, tratando de assuntos relacionados \u00e0 Chapad\u00e3o do C\u00e9u. Na oportunidade o Vereador Walter Rosa solicitou ao Deputado [&hellip;]<\/p>\n","protected":false},"author":4,"featured_media":10091,"comment_status":"closed","ping_status":"closed","sticky":false,"template":"","format":"standard","meta":{"footnotes":""},"categories":[22],"tags":[],"class_list":["post-12225","post","type-post","status-publish","format-standard","has-post-thumbnail","hentry","category-chapadao-do-ceu"],"_links":{"self":[{"href":"https:\/\/www.ocorreionews.com.br\/acervo-correio\/index.php?rest_route=\/wp\/v2\/posts\/12225","targetHints":{"allow":["GET"]}}],"collection":[{"href":"https:\/\/www.ocorreionews.com.br\/acervo-correio\/index.php?rest_route=\/wp\/v2\/posts"}],"about":[{"href":"https:\/\/www.ocorreionews.com.br\/acervo-correio\/index.php?rest_route=\/wp\/v2\/types\/post"}],"author":[{"embeddable":true,"href":"https:\/\/www.ocorreionews.com.br\/acervo-correio\/index.php?rest_route=\/wp\/v2\/users\/4"}],"replies":[{"embeddable":true,"href":"https:\/\/www.ocorreionews.com.br\/acervo-correio\/index.php?rest_route=%2Fwp%2Fv2%2Fcomments&post=12225"}],"version-history":[{"count":0,"href":"https:\/\/www.ocorreionews.com.br\/acervo-correio\/index.php?rest_route=\/wp\/v2\/posts\/12225\/revisions"}],"wp:featuredmedia":[{"embeddable":true,"href":"https:\/\/www.ocorreionews.com.br\/acervo-correio\/index.php?rest_route=\/wp\/v2\/media\/10091"}],"wp:attachment":[{"href":"https:\/\/www.ocorreionews.com.br\/acervo-correio\/index.php?rest_route=%2Fwp%2Fv2%2Fmedia&parent=12225"}],"wp:term":[{"taxonomy":"category","embeddable":true,"href":"https:\/\/www.ocorreionews.com.br\/acervo-correio\/index.php?rest_route=%2Fwp%2Fv2%2Fcategories&post=12225"},{"taxonomy":"post_tag","embeddable":true,"href":"https:\/\/www.ocorreionews.com.br\/acervo-correio\/index.php?rest_route=%2Fwp%2Fv2%2Ftags&post=12225"}],"curies":[{"name":"wp","href":"https:\/\/api.w.org\/{rel}","templated":true}]}}