{"id":12227,"date":"2015-10-07T09:01:14","date_gmt":"2015-10-07T13:01:14","guid":{"rendered":"https:\/\/ocorreionews.com.br\/?p=12227"},"modified":"2015-10-07T09:01:14","modified_gmt":"2015-10-07T13:01:14","slug":"geracao-de-empregos-deve-ser-prioridade-no-municipio-segundo-vereador-paulinho-da-mec-ceu","status":"publish","type":"post","link":"https:\/\/www.ocorreionews.com.br\/acervo-correio\/?p=12227","title":{"rendered":"Gera\u00e7\u00e3o de Empregos deve ser prioridade no munic\u00edpio, segundo Vereador Paulinho da Mec C\u00e9u"},"content":{"rendered":"<p style=\"text-align: justify;\">O Vereador Paulo S\u00e9rgio A.de P\u00e1dua (PTB), convocou os demais vereadores e representantes do Poder Executivo para elaborar projetos que incentivem a vinda de pequenas e m\u00e9dias empresas para Chapad\u00e3o do C\u00e9u.<\/p>\n<p style=\"text-align: justify;\">Segundo o Vereador Paulinho com a libera\u00e7\u00e3o do Setor Industrial o munic\u00edpio precisa ter mecanismos que incentivem a vinda destas empresas, proporcionando aos jovens oportunidades de ingressar no mercado de trabalho sem precisar buscar empregos em outras cidades.<\/p>\n<p style=\"text-align: justify;\">Relatou que apresentou a Secret\u00e1ria Lea Rigodanzo o seu Projeto Conhecendo os Poderes que tem como objetivo esclarecer aos alunos municipais quais as fun\u00e7\u00f5es e responsabilidades de cada um dos poderes constitu\u00eddos que s\u00e3o: Poder Legislativo, Poder Executivo e Poder Judici\u00e1rio.\u00a0\u00a0 O projeto ser\u00e1 analisado pela \u00e1rea de educa\u00e7\u00e3o do munic\u00edpio visando implantar o mesmo no ano de 2016.<\/p>\n<p style=\"text-align: justify;\">Finalizou seu pronunciamento pedindo a Secret\u00e1ria Lea Rigodanzo que amplie a destrui\u00e7\u00e3o de brinquedos no final do ano visando alcan\u00e7ar tamb\u00e9m os alunos que residem nas fazendas do munic\u00edpio e n\u00e3o conseguem vir at\u00e9 a cidade para receber os presentes distribu\u00eddos no final do ano.<\/p>\n<p style=\"text-align: justify;\">Assecom C\u00e2mara Municipal<\/p>\n","protected":false},"excerpt":{"rendered":"<p>O Vereador Paulo S\u00e9rgio A.de P\u00e1dua (PTB), convocou os demais vereadores e representantes do Poder Executivo para elaborar projetos que incentivem a vinda de pequenas e m\u00e9dias empresas para Chapad\u00e3o do C\u00e9u. Segundo o Vereador Paulinho com a libera\u00e7\u00e3o do Setor Industrial o munic\u00edpio precisa ter mecanismos que incentivem a vinda destas empresas, proporcionando aos [&hellip;]<\/p>\n","protected":false},"author":4,"featured_media":2028,"comment_status":"closed","ping_status":"closed","sticky":false,"template":"","format":"standard","meta":{"footnotes":""},"categories":[22],"tags":[],"class_list":["post-12227","post","type-post","status-publish","format-standard","has-post-thumbnail","hentry","category-chapadao-do-ceu"],"_links":{"self":[{"href":"https:\/\/www.ocorreionews.com.br\/acervo-correio\/index.php?rest_route=\/wp\/v2\/posts\/12227","targetHints":{"allow":["GET"]}}],"collection":[{"href":"https:\/\/www.ocorreionews.com.br\/acervo-correio\/index.php?rest_route=\/wp\/v2\/posts"}],"about":[{"href":"https:\/\/www.ocorreionews.com.br\/acervo-correio\/index.php?rest_route=\/wp\/v2\/types\/post"}],"author":[{"embeddable":true,"href":"https:\/\/www.ocorreionews.com.br\/acervo-correio\/index.php?rest_route=\/wp\/v2\/users\/4"}],"replies":[{"embeddable":true,"href":"https:\/\/www.ocorreionews.com.br\/acervo-correio\/index.php?rest_route=%2Fwp%2Fv2%2Fcomments&post=12227"}],"version-history":[{"count":0,"href":"https:\/\/www.ocorreionews.com.br\/acervo-correio\/index.php?rest_route=\/wp\/v2\/posts\/12227\/revisions"}],"wp:featuredmedia":[{"embeddable":true,"href":"https:\/\/www.ocorreionews.com.br\/acervo-correio\/index.php?rest_route=\/wp\/v2\/media\/2028"}],"wp:attachment":[{"href":"https:\/\/www.ocorreionews.com.br\/acervo-correio\/index.php?rest_route=%2Fwp%2Fv2%2Fmedia&parent=12227"}],"wp:term":[{"taxonomy":"category","embeddable":true,"href":"https:\/\/www.ocorreionews.com.br\/acervo-correio\/index.php?rest_route=%2Fwp%2Fv2%2Fcategories&post=12227"},{"taxonomy":"post_tag","embeddable":true,"href":"https:\/\/www.ocorreionews.com.br\/acervo-correio\/index.php?rest_route=%2Fwp%2Fv2%2Ftags&post=12227"}],"curies":[{"name":"wp","href":"https:\/\/api.w.org\/{rel}","templated":true}]}}