{"id":12269,"date":"2015-10-08T07:08:50","date_gmt":"2015-10-08T11:08:50","guid":{"rendered":"https:\/\/ocorreionews.com.br\/?p=12269"},"modified":"2015-10-08T07:11:52","modified_gmt":"2015-10-08T11:11:52","slug":"escolas-municipais-nao-terao-aulas-na-semana-do-saco-cheio","status":"publish","type":"post","link":"https:\/\/www.ocorreionews.com.br\/acervo-correio\/?p=12269","title":{"rendered":"Para\u00edso das Aguas: Escolas municipais n\u00e3o ter\u00e3o aulas na semana do saco cheio"},"content":{"rendered":"<p>O Calend\u00e1rio Escolar da Rede Municipal de Ensino prev\u00ea nesse m\u00eas de outubro\u00a0 a \u201csemana do saco cheio\u201d, que acontece entre os dias 12 \u00e0 16 de outubro na escola municipal Professora Lizete Rivelli Alpe-Polo e extens\u00e3o( INCRA),escola municipal Juscelino Ferreira Guimar\u00e3es(distrito de Pouso Alto) e escola Joaquim C\u00e2ndido(distrito de Bela Alvorada).<\/p>\n<p>A\u00a0semana do saco cheio, ou\u00a0semana de primavera, \u00e9 um per\u00edodo de recesso escolar adotada por v\u00e1rias cidades de Mato Grosso do Sul normalmente em outubro na semana entre o feriado estadual da divis\u00e3o do Estado( 11 de outubro), feriado nacional de\u00a0Nossa Senhora Aparecida\u00a0(12 de outubro) e o\u00a0dia dos professores (15 de outubro).<\/p>\n<p>Durante esta semana alunos e professores podem descansar e se prepararem para o \u00faltimo semestre do ano.<\/p>\n<p>ASSECOM- Prefeitura Municipal de Para\u00edso das \u00c1guas- MS<\/p>\n<p><b>\u00a0<\/b><\/p>\n","protected":false},"excerpt":{"rendered":"<p>O Calend\u00e1rio Escolar da Rede Municipal de Ensino prev\u00ea nesse m\u00eas de outubro\u00a0 a \u201csemana do saco cheio\u201d, que acontece entre os dias 12 \u00e0 16 de outubro na escola municipal Professora Lizete Rivelli Alpe-Polo e extens\u00e3o( INCRA),escola municipal Juscelino Ferreira Guimar\u00e3es(distrito de Pouso Alto) e escola Joaquim C\u00e2ndido(distrito de Bela Alvorada). A\u00a0semana do saco [&hellip;]<\/p>\n","protected":false},"author":4,"featured_media":12270,"comment_status":"closed","ping_status":"closed","sticky":false,"template":"","format":"standard","meta":{"footnotes":""},"categories":[36],"tags":[],"class_list":["post-12269","post","type-post","status-publish","format-standard","has-post-thumbnail","hentry","category-paraiso-das-aguas"],"_links":{"self":[{"href":"https:\/\/www.ocorreionews.com.br\/acervo-correio\/index.php?rest_route=\/wp\/v2\/posts\/12269","targetHints":{"allow":["GET"]}}],"collection":[{"href":"https:\/\/www.ocorreionews.com.br\/acervo-correio\/index.php?rest_route=\/wp\/v2\/posts"}],"about":[{"href":"https:\/\/www.ocorreionews.com.br\/acervo-correio\/index.php?rest_route=\/wp\/v2\/types\/post"}],"author":[{"embeddable":true,"href":"https:\/\/www.ocorreionews.com.br\/acervo-correio\/index.php?rest_route=\/wp\/v2\/users\/4"}],"replies":[{"embeddable":true,"href":"https:\/\/www.ocorreionews.com.br\/acervo-correio\/index.php?rest_route=%2Fwp%2Fv2%2Fcomments&post=12269"}],"version-history":[{"count":0,"href":"https:\/\/www.ocorreionews.com.br\/acervo-correio\/index.php?rest_route=\/wp\/v2\/posts\/12269\/revisions"}],"wp:featuredmedia":[{"embeddable":true,"href":"https:\/\/www.ocorreionews.com.br\/acervo-correio\/index.php?rest_route=\/wp\/v2\/media\/12270"}],"wp:attachment":[{"href":"https:\/\/www.ocorreionews.com.br\/acervo-correio\/index.php?rest_route=%2Fwp%2Fv2%2Fmedia&parent=12269"}],"wp:term":[{"taxonomy":"category","embeddable":true,"href":"https:\/\/www.ocorreionews.com.br\/acervo-correio\/index.php?rest_route=%2Fwp%2Fv2%2Fcategories&post=12269"},{"taxonomy":"post_tag","embeddable":true,"href":"https:\/\/www.ocorreionews.com.br\/acervo-correio\/index.php?rest_route=%2Fwp%2Fv2%2Ftags&post=12269"}],"curies":[{"name":"wp","href":"https:\/\/api.w.org\/{rel}","templated":true}]}}