{"id":12346,"date":"2015-10-09T08:31:14","date_gmt":"2015-10-09T12:31:14","guid":{"rendered":"https:\/\/ocorreionews.com.br\/?p=12346"},"modified":"2015-10-09T08:31:14","modified_gmt":"2015-10-09T12:31:14","slug":"inscricao-para-utilizacao-do-trator-da-patrulha-mecanizada-ja-esta-aberta","status":"publish","type":"post","link":"https:\/\/www.ocorreionews.com.br\/acervo-correio\/?p=12346","title":{"rendered":"Inscri\u00e7\u00e3o para utiliza\u00e7\u00e3o do trator da Patrulha Mecanizada j\u00e1 est\u00e1 aberta"},"content":{"rendered":"<p>A Secretaria Municipal de Planejamento e Fomento ao Desenvolvimento, juntamente com a AGRAER de Para\u00edso das \u00c1guas comunica que se encontram abertas as inscri\u00e7\u00f5es para a utiliza\u00e7\u00e3o do trator da Patrulha Mecanizada aos micros e pequenos propriet\u00e1rios rurais do munic\u00edpio, que tenham a posse legal e arrendat\u00e1rios de im\u00f3veis.<\/p>\n<p>Os interessados em fazer uso deste trator em suas propriedades devem comparecer na\u00a0 Secretaria de Planejamento e Fomento ao Desenvolvimento, localizada na Rua Sebastiana Rodrigues de Rezende, n\u00ba 69, munidos com os documentos pessoais (RG e CPF) e com os dados da propriedade rural.<\/p>\n<p><strong>Patrulha Mecanizada:<\/strong>\u00a0 A patrulha mecanizada j\u00e1 atendeu 11 produtores rurais, totalizando 34 horas trabalhadas. Cada produtor tem direito, no m\u00e1ximo a 20 horas de uso da Patrulha Mecanizada por ano, com exce\u00e7\u00e3o dos servi\u00e7os de terraceamento que poder\u00e3o se estender a toda \u00e1rea necess\u00e1ria, independentemente das horas trabalhadas.<\/p>\n<p>O valor de cada hora dos servi\u00e7os da patrulha \u00a0\u00e9 de R$110,00(cento e dez reais),mas dependendo do tamanho da propriedade a prefeitura subsidia at\u00e9 50% deste valor.<\/p>\n<p>A Patrulha Mecanizada foi cedida pela AGRAER (Ag\u00eancia de desenvolvimento agr\u00e1rio e extens\u00e3o rural)de Mato Grosso do Sul ao munic\u00edpio de Para\u00edso das \u00c1guas.<\/p>\n<p>&nbsp;<\/p>\n<p>ASSECOM- Prefeitura Municipal de Para\u00edso das \u00c1guas- MS<\/p>\n","protected":false},"excerpt":{"rendered":"<p>A Secretaria Municipal de Planejamento e Fomento ao Desenvolvimento, juntamente com a AGRAER de Para\u00edso das \u00c1guas comunica que se encontram abertas as inscri\u00e7\u00f5es para a utiliza\u00e7\u00e3o do trator da Patrulha Mecanizada aos micros e pequenos propriet\u00e1rios rurais do munic\u00edpio, que tenham a posse legal e arrendat\u00e1rios de im\u00f3veis. Os interessados em fazer uso deste [&hellip;]<\/p>\n","protected":false},"author":4,"featured_media":12347,"comment_status":"closed","ping_status":"closed","sticky":false,"template":"","format":"standard","meta":{"footnotes":""},"categories":[36],"tags":[],"class_list":["post-12346","post","type-post","status-publish","format-standard","has-post-thumbnail","hentry","category-paraiso-das-aguas"],"_links":{"self":[{"href":"https:\/\/www.ocorreionews.com.br\/acervo-correio\/index.php?rest_route=\/wp\/v2\/posts\/12346","targetHints":{"allow":["GET"]}}],"collection":[{"href":"https:\/\/www.ocorreionews.com.br\/acervo-correio\/index.php?rest_route=\/wp\/v2\/posts"}],"about":[{"href":"https:\/\/www.ocorreionews.com.br\/acervo-correio\/index.php?rest_route=\/wp\/v2\/types\/post"}],"author":[{"embeddable":true,"href":"https:\/\/www.ocorreionews.com.br\/acervo-correio\/index.php?rest_route=\/wp\/v2\/users\/4"}],"replies":[{"embeddable":true,"href":"https:\/\/www.ocorreionews.com.br\/acervo-correio\/index.php?rest_route=%2Fwp%2Fv2%2Fcomments&post=12346"}],"version-history":[{"count":0,"href":"https:\/\/www.ocorreionews.com.br\/acervo-correio\/index.php?rest_route=\/wp\/v2\/posts\/12346\/revisions"}],"wp:featuredmedia":[{"embeddable":true,"href":"https:\/\/www.ocorreionews.com.br\/acervo-correio\/index.php?rest_route=\/wp\/v2\/media\/12347"}],"wp:attachment":[{"href":"https:\/\/www.ocorreionews.com.br\/acervo-correio\/index.php?rest_route=%2Fwp%2Fv2%2Fmedia&parent=12346"}],"wp:term":[{"taxonomy":"category","embeddable":true,"href":"https:\/\/www.ocorreionews.com.br\/acervo-correio\/index.php?rest_route=%2Fwp%2Fv2%2Fcategories&post=12346"},{"taxonomy":"post_tag","embeddable":true,"href":"https:\/\/www.ocorreionews.com.br\/acervo-correio\/index.php?rest_route=%2Fwp%2Fv2%2Ftags&post=12346"}],"curies":[{"name":"wp","href":"https:\/\/api.w.org\/{rel}","templated":true}]}}