{"id":12356,"date":"2015-10-09T08:47:26","date_gmt":"2015-10-09T12:47:26","guid":{"rendered":"https:\/\/ocorreionews.com.br\/?p=12356"},"modified":"2015-10-09T08:56:30","modified_gmt":"2015-10-09T12:56:30","slug":"consumo-e-arrecadacao-do-diesel-caem-e-pressionam-contas-do-governo","status":"publish","type":"post","link":"https:\/\/www.ocorreionews.com.br\/acervo-correio\/?p=12356","title":{"rendered":"Consumo e arrecada\u00e7\u00e3o do diesel caem e pressionam contas do governo"},"content":{"rendered":"<div class=\"imagem\"><figure style=\"width: 300px\" class=\"wp-caption alignleft\"><a title=\"Em 4\u00ba reuni\u00e3o da Comiss\u00e3o, n\u00fameros surpreendem negativamente. (Foto: Arquivo\/ Fernando Antunes) \" href=\"http:\/\/cdn1.campograndenews.com.br\/uploads\/tmp\/images\/5164416\/wm-640x480-28a7fff66bb0cccb28486005506c094d.jpg\" rel=\"lightbox[galeria]\"><img loading=\"lazy\" decoding=\"async\" title=\"Em 4\u00ba reuni\u00e3o da Comiss\u00e3o, n\u00fameros surpreendem negativamente. (Foto: Arquivo\/ Fernando Antunes) \" src=\"http:\/\/cdn1.campograndenews.com.br\/uploads\/tmp\/images\/5164416\/300x225-28a7fff66bb0cccb28486005506c094d.jpg\" alt=\"Em 4\u00ba reuni\u00e3o da Comiss\u00e3o, n\u00fameros surpreendem negativamente. (Foto: Arquivo\/ Fernando Antunes) \" width=\"300\" height=\"199\" \/><\/a><figcaption class=\"wp-caption-text\">Em 4\u00ba reuni\u00e3o da Comiss\u00e3o, n\u00fameros surpreendem negativamente. (Foto: Arquivo\/ Fernando Antunes)<\/figcaption><\/figure><\/div>\n<div class=\"banner_pub\">\n<div id=\"beacon_c06583d87e\"><img loading=\"lazy\" decoding=\"async\" src=\"http:\/\/ads.campograndenews.com.br\/openx\/www\/delivery\/lg.php?bannerid=4155&amp;campaignid=2372&amp;zoneid=34&amp;loc=http%3A%2F%2Fwww.campograndenews.com.br%2Feconomia%2Fconsumo-e-arrecadacao-do-diesel-caem-e-pressionam-contas-do-governo&amp;referer=http%3A%2F%2Fwww.campograndenews.com.br%2F&amp;cb=c06583d87e\" alt=\"\" width=\"0\" height=\"0\" \/>Houve queda na arrecada\u00e7\u00e3o do \u00f3leo diesel em setembro de 11,63% em compara\u00e7\u00e3o com 2014. Em agosto, o consumo do \u00f3leo diesel foi de 146 milh\u00f5es de litros, j\u00e1 em setembro, o n\u00famero caiu para 126,350 milh\u00f5es de litros, representando retra\u00e7\u00e3o de 13,4% no consumo.<\/div>\n<\/div>\n<div class=\"bloco_texto_span\">\n<p>Os n\u00fameros pressionam as contas do Governo de Mato Grosso do Sul, j\u00e1 que a al\u00edquota do ICMS (Imposto sobre Circula\u00e7\u00e3o de Mercadorias e Servi\u00e7os) do combust\u00edvel foi reduzida de 17% para 12%. Para o Estado n\u00e3o perder na arrecada\u00e7\u00e3o, o consumo deve aumentar.<\/p>\n<p>Por\u00e9m, os n\u00fameros apresentados nesta quinta-feira (8) durante a Comiss\u00e3o de Acompanhamento no pre\u00e7o do \u00f3leo diesel, refletem o aumento do diesel em 4% definido pela Petrobras no dia 30 de setembro. O volume consumido \u00e9 acompanhado pela Sefaz (Secretaria de Fazenda) e a \u00faltima pesquisa foi realizada de 29 de setembro a 2 de outubro.<\/p>\n<p>Sendo assim, os postos de combust\u00edveis aumentam os pre\u00e7os mesmo antes de efetivar o reajuste, causando redu\u00e7\u00e3o no consumo.<\/p>\n<p>Comparando os meses de setembro com julho, quando a al\u00edquota foi reduzida, houve queda de 0,54% nos pre\u00e7os do diesel comum, praticado nas distribuidoras.<\/p>\n<p>Com o aumento imposto pela Petrobras de 4%, as distribuidoras ainda n\u00e3o repassaram o valor. Por\u00e9m, nas bombas de combust\u00edveis pesquisadas em todo o Estado, o aumento foi de 2,5%, dois dias depois de anunciado o reajuste.<\/p>\n<\/div>\n<div class=\"imagem\">\n<div class=\"zoom\"><\/div>\n<p><figure style=\"width: 300px\" class=\"wp-caption alignright\"><a title=\"Secret\u00e1rio-adjunto explica que no acumulado de julho, agosto e setembro, houve incremento de 2,65% se comparado a 2014, o que ainda \u00e9 muito t\u00edmido em rela\u00e7\u00e3o a meta que se deve atingir, que \u00e9 de 40% no consumo. (Foto: Arquivo\/ Fernando Antunes) \" href=\"http:\/\/cdn1.campograndenews.com.br\/uploads\/tmp\/images\/5164416\/wm-640x480-40092e5eca3e54867c82cf2c1378ba3e.jpg\" rel=\"lightbox[galeria]\"><img loading=\"lazy\" decoding=\"async\" title=\"Secret\u00e1rio-adjunto explica que no acumulado de julho, agosto e setembro, houve incremento de 2,65% se comparado a 2014, o que ainda \u00e9 muito t\u00edmido em rela\u00e7\u00e3o a meta que se deve atingir, que \u00e9 de 40% no consumo. (Foto: Arquivo\/ Fernando Antunes) \" src=\"http:\/\/cdn1.campograndenews.com.br\/uploads\/tmp\/images\/5164416\/300x225-40092e5eca3e54867c82cf2c1378ba3e.jpg\" alt=\"Secret\u00e1rio-adjunto explica que no acumulado de julho, agosto e setembro, houve incremento de 2,65% se comparado a 2014, o que ainda \u00e9 muito t\u00edmido em rela\u00e7\u00e3o a meta que se deve atingir, que \u00e9 de 40% no consumo. (Foto: Arquivo\/ Fernando Antunes) \" width=\"300\" height=\"199\" \/><\/a><figcaption class=\"wp-caption-text\">Secret\u00e1rio-adjunto explica que no acumulado de julho, agosto e setembro, houve incremento de 2,65% se comparado a 2014, o que ainda \u00e9 muito t\u00edmido em rela\u00e7\u00e3o a meta que se deve atingir, que \u00e9 de 40% no consumo. (Foto: Arquivo\/ Fernando Antunes)<\/figcaption><\/figure><\/div>\n<div class=\"bloco_texto_span\">\n<p><strong>Segmento \u2013<\/strong> A queda no consumo refletiu em todos os segmentos. Nos postos de combust\u00edveis do Estado em agosto, foi de 62 milh\u00f5es de litros e no m\u00eas passado, o consumo caiu para 60 milh\u00f5es.<\/p>\n<p>No setor do agroneg\u00f3cio, o consumo em agosto foi de 45 milh\u00f5es e setembro, redu\u00e7\u00e3o para 36 milh\u00f5es de litros.<br \/>\nJ\u00e1 no consumo das ind\u00fastrias, o volume do consumo caiu de 33 milh\u00f5es para 24 milh\u00f5es de litros.<\/p>\n<p>De acordo com o supervisor t\u00e9cnico do Sinpetro (Sindicato do Com\u00e9rcio Varejista de Derivados de Petr\u00f3leo e Lubrificantes MS), Edson Lazaroto, os segmentos que deixaram de consumir, impactou bastante a arrecada\u00e7\u00e3o.<\/p>\n<p><strong>Incremento \u2013<\/strong> Conforme o secret\u00e1rio-adjunto Jader Julianelli, no acumulado de julho, agosto e setembro, houve incremento de 2,65% se comparado a 2014, o que ainda \u00e9 muito t\u00edmido em rela\u00e7\u00e3o a meta que se deve atingir, que \u00e9 de 40% no consumo.<\/p>\n<p>Em rela\u00e7\u00e3o a queda apresentada em setembro, Julianelli explica que isso provavelmente \u00e9 decorrente dos fatores econ\u00f4micos que o pa\u00eds e o Estado atravessam. &#8220;Em rela\u00e7\u00e3o com setembro de 2014, em setembro de 2015 houve queda no consumo de 0,25%. O Governo est\u00e1 discutindo com a Assembleia uma metodologia de utilizar m\u00e9dia de 12 meses, pois leva em conta a sazonalidade e os problemas econ\u00f4micos e nesse par\u00e2metro, estaria tendo um incremento de 14%, ainda assim, bem aqu\u00e9m da meta estabelecida&#8221;, afirmou.<\/p>\n<p>Ainda segundo o secret\u00e1rio-adjunto, o governo perdeu 5,75% de arrecada\u00e7\u00e3o do \u00f3leo diesel em rela\u00e7\u00e3o a 2014.<\/p>\n<p><strong>Mercado \u2013<\/strong> Segundo o deputado estadual Paulo Corr\u00eaa (PR), a responsabilidade da queda no consumo em setembro \u00e9 do mercado. &#8220;Temos uma meta a atingir, o volume vendido n\u00e3o est\u00e1 correspondendo com a al\u00edquota diferenciada. Precisamos avaliar isso, o governador Reinaldo Azambuja (PSDB), informou que pelo menos, a arrecada\u00e7\u00e3o teria que ficar no mesmo n\u00edvel do que o ano passado&#8221;, alegou.<\/p>\n<p>Se o consumo n\u00e3o aumentar, o deputado explica que n\u00e3o h\u00e1 como negociar com Azambuja a perman\u00eancia da redu\u00e7\u00e3o da al\u00edquota. &#8220;Em 31 de dezembro acaba o prazo determinado e efetivamente do modo que est\u00e1 indo, n\u00e3o temos argumentos para apresentar ao governador para que ele mantenha o ICMS reduzido&#8221;, finaliza.<\/p>\n<p>A pr\u00f3xima reuni\u00e3o da comiss\u00e3o est\u00e1 marcada para o dia 11 de novembro, na Assembleia Legislativa.<\/p>\n<\/div>\n<p>&nbsp;<\/p>\n<p>Fonte: Campo Grande News<\/p>\n","protected":false},"excerpt":{"rendered":"<p>Houve queda na arrecada\u00e7\u00e3o do \u00f3leo diesel em setembro de 11,63% em compara\u00e7\u00e3o com 2014. Em agosto, o consumo do \u00f3leo diesel foi de 146 milh\u00f5es de litros, j\u00e1 em setembro, o n\u00famero caiu para 126,350 milh\u00f5es de litros, representando retra\u00e7\u00e3o de 13,4% no consumo. Os n\u00fameros pressionam as contas do Governo de Mato Grosso [&hellip;]<\/p>\n","protected":false},"author":4,"featured_media":5503,"comment_status":"closed","ping_status":"closed","sticky":false,"template":"","format":"standard","meta":{"footnotes":""},"categories":[26],"tags":[],"class_list":["post-12356","post","type-post","status-publish","format-standard","has-post-thumbnail","hentry","category-economia"],"_links":{"self":[{"href":"https:\/\/www.ocorreionews.com.br\/acervo-correio\/index.php?rest_route=\/wp\/v2\/posts\/12356","targetHints":{"allow":["GET"]}}],"collection":[{"href":"https:\/\/www.ocorreionews.com.br\/acervo-correio\/index.php?rest_route=\/wp\/v2\/posts"}],"about":[{"href":"https:\/\/www.ocorreionews.com.br\/acervo-correio\/index.php?rest_route=\/wp\/v2\/types\/post"}],"author":[{"embeddable":true,"href":"https:\/\/www.ocorreionews.com.br\/acervo-correio\/index.php?rest_route=\/wp\/v2\/users\/4"}],"replies":[{"embeddable":true,"href":"https:\/\/www.ocorreionews.com.br\/acervo-correio\/index.php?rest_route=%2Fwp%2Fv2%2Fcomments&post=12356"}],"version-history":[{"count":0,"href":"https:\/\/www.ocorreionews.com.br\/acervo-correio\/index.php?rest_route=\/wp\/v2\/posts\/12356\/revisions"}],"wp:featuredmedia":[{"embeddable":true,"href":"https:\/\/www.ocorreionews.com.br\/acervo-correio\/index.php?rest_route=\/wp\/v2\/media\/5503"}],"wp:attachment":[{"href":"https:\/\/www.ocorreionews.com.br\/acervo-correio\/index.php?rest_route=%2Fwp%2Fv2%2Fmedia&parent=12356"}],"wp:term":[{"taxonomy":"category","embeddable":true,"href":"https:\/\/www.ocorreionews.com.br\/acervo-correio\/index.php?rest_route=%2Fwp%2Fv2%2Fcategories&post=12356"},{"taxonomy":"post_tag","embeddable":true,"href":"https:\/\/www.ocorreionews.com.br\/acervo-correio\/index.php?rest_route=%2Fwp%2Fv2%2Ftags&post=12356"}],"curies":[{"name":"wp","href":"https:\/\/api.w.org\/{rel}","templated":true}]}}