{"id":12804,"date":"2015-10-15T10:06:56","date_gmt":"2015-10-15T14:06:56","guid":{"rendered":"https:\/\/ocorreionews.com.br\/?p=12804"},"modified":"2015-10-15T10:06:56","modified_gmt":"2015-10-15T14:06:56","slug":"serralheiro-disse-que-matou-a-facadas-trabalhador-de-fazenda-porque-ele-era-chato","status":"publish","type":"post","link":"https:\/\/www.ocorreionews.com.br\/acervo-correio\/?p=12804","title":{"rendered":"Serralheiro disse que matou a facadas trabalhador de fazenda porque ele &#8220;era chato&#8221;"},"content":{"rendered":"<div id=\"sidebar-block\" class=\"fr\"><\/div>\n<div id=\"content\" class=\"fl\">\n<div id=\"content-block\">\n<div id=\"content-text\" class=\"cbf\">\n<div class=\"oh cb\">Na tarde desta quarta-feira (14) D.J.O. um serralheiro de 25 anos, foi preso em sua casa no bairro Vila Verde acusado de ter assassinado Marcos Nascimento de Paula, 38 anos, em um bar localizado no bairro Jardim Maristela no ultimo s\u00e1bado (10).<\/div>\n<div class=\"content_text_172255\">\n<p>A apura\u00e7\u00e3o do que acorreu naquela madrugada ficou sob a responsabilidade do Setor de Investiga\u00e7\u00f5es Gerais (SIG) da Pol\u00edcia Civil de Tr\u00eas Lagoas, comandado pelo Delegado Ailton Pereira e durante os dias seguintes os investigadores tiveram acesso a uma serie de materiais que indicaram a autoria do crime, sendo que no inicio da tarde desta quarta-feira (14) uma denuncia an\u00f4nima indicou aos policiais as coordenadas da resid\u00eancia do assassino.<\/p>\n<p>Os policiais se deslocaram para o local indicado e depois de uma breve campana realizaram a abordagem do acusado, que estava deitado na sala de sua casa assistindo televis\u00e3o. Durante a opera\u00e7\u00e3o o jovem negou ter cometido o crime, mas ap\u00f3s algum tempo acabou confessando que naquela madrugada durante uma discuss\u00e3o com a v\u00edtima acabou desferindo dois golpes de canivete contra o homem que acabaram matando o trabalhador de fazenda.<\/p>\n<figure id=\"attachment_12806\" aria-describedby=\"caption-attachment-12806\" style=\"width: 638px\" class=\"wp-caption alignnone\"><a href=\"https:\/\/ocorreionews.com.br\/wp-content\/uploads\/2015\/10\/assassino-serralheiro2.jpg\"><img loading=\"lazy\" decoding=\"async\" class=\"wp-image-12806 size-full\" src=\"https:\/\/ocorreionews.com.br\/wp-content\/uploads\/2015\/10\/assassino-serralheiro2.jpg\" alt=\"assassino serralheiro2\" width=\"638\" height=\"474\" srcset=\"https:\/\/www.ocorreionews.com.br\/acervo-correio\/wp-content\/uploads\/2015\/10\/assassino-serralheiro2.jpg 638w, https:\/\/www.ocorreionews.com.br\/acervo-correio\/wp-content\/uploads\/2015\/10\/assassino-serralheiro2-300x223.jpg 300w, https:\/\/www.ocorreionews.com.br\/acervo-correio\/wp-content\/uploads\/2015\/10\/assassino-serralheiro2-100x75.jpg 100w\" sizes=\"auto, (max-width: 638px) 100vw, 638px\" \/><\/a><figcaption id=\"caption-attachment-12806\" class=\"wp-caption-text\">Marcos Nascimento de Paula, 38 anos<\/figcaption><\/figure>\n<p>O homem disse aos investigadores que na noite do crime estava no bar consumindo bebida alco\u00f3lica desde as 21h na companhia de dois amigos e que por volta das 4h de s\u00e1bado (10) a v\u00edtima veio lhe perturbar e acabou desferindo um soco contra o peito de Oliveira, que se zangou e no calor da emo\u00e7\u00e3o pegou seu canivete e golpeou Marcos Nascimento por duas vezes. O assassino ainda conta que antes de falecer o trabalhador de fazenda ainda conseguiu ir para fora do bar e caminhar alguns metros antes de cair morto no meio da via.<\/p>\n<p>O serralheiro disse que a v\u00edtima era muito conhecida no bar em que o crime aconteceu e era famosa por perturbar as pessoas depois que ingeria bebida alco\u00f3lica.<\/p>\n<\/div>\n<div class=\"img_center component_image_35721\">\n<div class=\"\"><a class=\"ampliar_imagem\" title=\"\" href=\"http:\/\/www.radiocacula.com.br\/media\/images\/2953\/35721\/tmp\/wmX-640x480x4-561fa561a5bcd77ca73220531f26f2f798219495cf3b6.jpg\"><img loading=\"lazy\" decoding=\"async\" src=\"http:\/\/www.radiocacula.com.br\/media\/images\/2953\/35721\/tmp\/600x450x4-561fa561a5bcd77ca73220531f26f2f798219495cf3b6.jpg\" alt=\"\" width=\"600\" height=\"450\" \/><\/a><\/div>\n<\/div>\n<div class=\"content_text_172256\">\n<p><strong>A FUGA<\/strong><\/p>\n<p>Depois de cometer o crime o homem fugiu do local em sua motocicleta e foi acompanhado por seu vizinho que estava bebendo com ele na ocasi\u00e3o.<\/p>\n<p>O Serralheiro disse que quando estava nas proximidades de sua resid\u00eancia sofreu uma queda de moto e acabou machucando sua perna esquerda, mas se levantou rapidamente e foi direto para casa, onde tirou a roupa que estava usando e descartou a arma do crime em uma vegeta\u00e7\u00e3o que tem nos fundos de sua casa.<\/p>\n<p>O assassino disse que n\u00e3o contou nada a respeito do crime para ningu\u00e9m e que tamb\u00e9m n\u00e3o tinha a inten\u00e7\u00e3o de falar sobre o assunto.<\/p>\n<\/div>\n<div class=\"content_text_172257\">\n<p><strong>A PERICIA<\/strong><\/p>\n<p>A Pericia T\u00e9cnica da Pol\u00edcia Civil foi acionada a comparecer no local, onde o serralheiro refez todos os seus passos da noite do crime, apontando a localiza\u00e7\u00e3o da arma utilizada que foi apreendida e encaminhada para analise.<\/p>\n<p>As roupas utilizadas na noite tamb\u00e9m foram recolhidas e tamb\u00e9m passaram pelo processo de per\u00edcia.<\/p>\n<\/div>\n<div class=\"content_text_172258\">\n<p><strong>A ARMA<\/strong><\/p>\n<p>Para assassinar o trabalhador rural o homem utilizou um canivete de aproximadamente 15 cent\u00edmetros que carregava com ele.<\/p>\n<p>O jovem foi questionado sobre o motivo de sair na rua armado e afirmou que n\u00e3o era sua rotina e que naquela noite n\u00e3o sabe o porqu\u00ea resolveu levar o canivete no bolso.<\/p>\n<\/div>\n<div class=\"content_6206 galeria-folio\">\n<div id=\"links_6206\" class=\"galeria-folio-interna mb20\">\n<div class=\"galeria-folio-interna1\">\n<div class=\"galeria-folio-interna2\">\n<div class=\"galeria-folio-interna3\"><a title=\"\" href=\"http:\/\/www.radiocacula.com.br\/media\/gallery\/6206\/6206\/561edeef7f0f914a7a047734a2af88669151c06273123_20151014160034.jpg\"><img loading=\"lazy\" decoding=\"async\" title=\"\" src=\"http:\/\/www.radiocacula.com.br\/base\/www\/radiocacula.com.br\/media\/gallery\/6206\/6206\/tmp\/thumb640x360x4-561edeef7f0f914a7a047734a2af88669151c06273123_20151014160034.jpg\" alt=\"\" width=\"640\" height=\"360\" \/><\/a><\/div>\n<\/div>\n<\/div>\n<\/div>\n<\/div>\n<div class=\"content_text_172259\">\n<p><strong>ARREPENDIMENTO<\/strong><\/p>\n<p>O assassino se diz arrependido e afirma que nunca teve a inten\u00e7\u00e3o de matar uma pessoa, em entrevista a reportagem da R\u00e1dio Ca\u00e7ula o serralheiro pede desculpas a fam\u00edlia da v\u00edtima.<\/p>\n<p>O curioso \u00e9 que em nenhum momento o jovem esbo\u00e7ou qualquer tipo de rea\u00e7\u00e3o, se manteve calmo durante todo o trabalho da policia e conversou com a equipe de reportagem sem demonstrar qualquer tipo de emo\u00e7\u00e3o.<\/p>\n<\/div>\n<\/div>\n<\/div>\n<\/div>\n<p>&nbsp;<\/p>\n<p>&nbsp;<\/p>\n<p>&nbsp;<\/p>\n<p>Fonte: Radio Ca\u00e7ula<\/p>\n","protected":false},"excerpt":{"rendered":"<p>Na tarde desta quarta-feira (14) D.J.O. um serralheiro de 25 anos, foi preso em sua casa no bairro Vila Verde acusado de ter assassinado Marcos Nascimento de Paula, 38 anos, em um bar localizado no bairro Jardim Maristela no ultimo s\u00e1bado (10). A apura\u00e7\u00e3o do que acorreu naquela madrugada ficou sob a responsabilidade do Setor [&hellip;]<\/p>\n","protected":false},"author":4,"featured_media":12805,"comment_status":"closed","ping_status":"closed","sticky":false,"template":"","format":"standard","meta":{"footnotes":""},"categories":[38],"tags":[],"class_list":["post-12804","post","type-post","status-publish","format-standard","has-post-thumbnail","hentry","category-policia"],"_links":{"self":[{"href":"https:\/\/www.ocorreionews.com.br\/acervo-correio\/index.php?rest_route=\/wp\/v2\/posts\/12804","targetHints":{"allow":["GET"]}}],"collection":[{"href":"https:\/\/www.ocorreionews.com.br\/acervo-correio\/index.php?rest_route=\/wp\/v2\/posts"}],"about":[{"href":"https:\/\/www.ocorreionews.com.br\/acervo-correio\/index.php?rest_route=\/wp\/v2\/types\/post"}],"author":[{"embeddable":true,"href":"https:\/\/www.ocorreionews.com.br\/acervo-correio\/index.php?rest_route=\/wp\/v2\/users\/4"}],"replies":[{"embeddable":true,"href":"https:\/\/www.ocorreionews.com.br\/acervo-correio\/index.php?rest_route=%2Fwp%2Fv2%2Fcomments&post=12804"}],"version-history":[{"count":0,"href":"https:\/\/www.ocorreionews.com.br\/acervo-correio\/index.php?rest_route=\/wp\/v2\/posts\/12804\/revisions"}],"wp:featuredmedia":[{"embeddable":true,"href":"https:\/\/www.ocorreionews.com.br\/acervo-correio\/index.php?rest_route=\/wp\/v2\/media\/12805"}],"wp:attachment":[{"href":"https:\/\/www.ocorreionews.com.br\/acervo-correio\/index.php?rest_route=%2Fwp%2Fv2%2Fmedia&parent=12804"}],"wp:term":[{"taxonomy":"category","embeddable":true,"href":"https:\/\/www.ocorreionews.com.br\/acervo-correio\/index.php?rest_route=%2Fwp%2Fv2%2Fcategories&post=12804"},{"taxonomy":"post_tag","embeddable":true,"href":"https:\/\/www.ocorreionews.com.br\/acervo-correio\/index.php?rest_route=%2Fwp%2Fv2%2Ftags&post=12804"}],"curies":[{"name":"wp","href":"https:\/\/api.w.org\/{rel}","templated":true}]}}