{"id":12865,"date":"2015-10-15T14:55:48","date_gmt":"2015-10-15T18:55:48","guid":{"rendered":"https:\/\/ocorreionews.com.br\/?p=12865"},"modified":"2015-10-15T14:55:22","modified_gmt":"2015-10-15T18:55:22","slug":"ctg-trabalha-a-todo-vapor-para-organizar-o-rodeio-artistico-cultural-do-ms","status":"publish","type":"post","link":"https:\/\/www.ocorreionews.com.br\/acervo-correio\/?p=12865","title":{"rendered":"CTG trabalha a todo vapor para organizar o Rodeio Art\u00edstico Cultural do MS"},"content":{"rendered":"<p style=\"text-align: justify;\">O CTG Cultivando a Tradi\u00e7\u00e3o de Chapad\u00e3o do Sul, vai realizar nos dias 31 de outubro de 1\u00ba de novembro, a 8\u00aa Edi\u00e7\u00e3o do 8\u00ba Rodeio Art\u00edstico Cultural de Mato Grosso do Sul.<\/p>\n<p style=\"text-align: justify;\">O Rodeio Art\u00edstico \u00e9 promovido todos os anos pelo MTG\/MS, Movimento Tradicionalista Ga\u00facho de MS.<\/p>\n<p style=\"text-align: justify;\">CTG Cultivando a Tradi\u00e7\u00e3o vai receber 09 CTG\u2019s do estado e mais um da Capital Federal. Ao todo mais de 700 pessoas, estar\u00e3o em Chapad\u00e3o do Sul, nesses dois dias.<\/p>\n<p style=\"text-align: justify;\">Haver\u00e1 a disputa de Dan\u00e7as Tradicionais, Dan\u00e7a de Sal\u00e3o, Int\u00e9rpretes Vocais, Declama\u00e7\u00e3o e Chula. No esporte, competi\u00e7\u00f5es de bocha e bol\u00e3o, masculino e feminino.<\/p>\n<p style=\"text-align: justify;\"><strong>PROGRAMA\u00c7\u00c2O<\/strong>:<\/p>\n<p style=\"text-align: justify;\"><span style=\"color: #0000ff;\"><strong>S\u00e1bado dia 31<\/strong><\/span><\/p>\n<p style=\"text-align: justify;\"><span style=\"color: #ff0000;\"><strong>08hs00 \u2013 Palco A (Sal\u00e3o do CTG)<\/strong><\/span><\/p>\n<p style=\"text-align: justify;\">Passagem de palco e passagem de som dos m\u00fasicos e recep\u00e7\u00e3o das delega\u00e7\u00f5es.<\/p>\n<p style=\"text-align: justify;\">12hs00 \u2013 Encerramento das passagens de palco e som pelos grupos de dan\u00e7a e logo o Almo\u00e7o (Galp\u00e3o Crioulo).<\/p>\n<p style=\"text-align: justify;\">14hs00- inicios das disputas \u2013<\/p>\n<p style=\"text-align: justify;\"><span style=\"color: #ff0000;\"><strong>Palco A<\/strong><\/span><\/p>\n<p style=\"text-align: justify;\"><strong>Dan\u00e7as de Sal\u00e3o nas categorias:<\/strong><\/p>\n<p style=\"text-align: justify;\">Mirin \u2013 Juvenil \u2013Adulto e Xir\u00fa<\/p>\n<p style=\"text-align: justify;\"><strong>Solista vocal \u2013 feminino e masculino<\/strong><\/p>\n<p style=\"text-align: justify;\">Mirin \u2013 Juvenil \u2013Adulto e Xir\u00fa<\/p>\n<p style=\"text-align: justify;\"><strong>Conjunto Vocal<\/strong><\/p>\n<p style=\"text-align: justify;\">Mirin \u2013 Juvenil \u2013Adulto e Xir\u00fa<\/p>\n<p style=\"text-align: justify;\">19hs00 Abertura oficial do Rodeio com a presen\u00e7a de autoridades e convidados.<\/p>\n<p style=\"text-align: justify;\">20hs00 Jantar (Galp\u00e3o Crioulo<\/p>\n<p style=\"text-align: justify;\">21hs00 reinicio dos concursos.<\/p>\n<p style=\"text-align: justify;\"><span style=\"color: #ff0000;\"><strong>PALCO B \u2013 (C\u00e2mara Municipal de Vereadores)<\/strong><\/span><\/p>\n<p style=\"text-align: justify;\">14HS00 <strong>\u2013 Declama\u00e7\u00e3o nas categorias:<\/strong><\/p>\n<p style=\"text-align: justify;\">Mirin \u2013 Juvenil \u2013Adulto e Xir\u00fa.<\/p>\n<p style=\"text-align: justify;\"><span style=\"color: #ff0000;\"><strong>PALCO C \u2013 (Galp\u00e3o Crioulo)<\/strong><\/span><\/p>\n<p style=\"text-align: justify;\"><strong>Dan\u00e7a de Chula nas categorias:<\/strong><\/p>\n<p style=\"text-align: justify;\"><strong>Mirin \u2013 Juvenil \u2013Adulto e Xir\u00fa<\/strong><\/p>\n<p style=\"text-align: justify;\"><span style=\"color: #0000ff;\"><strong>Domingo dia 1\u00ba<\/strong><\/span><\/p>\n<p style=\"text-align: justify;\">06hs30 \u2013 caf\u00e9 da manh\u00e3 \u2013 Galp\u00e3o Crioulo<\/p>\n<p style=\"text-align: justify;\"><span style=\"color: #ff0000;\"><strong>08hs00 \u2013 Palco A<\/strong><\/span><\/p>\n<p style=\"text-align: justify;\"><strong>Dan\u00e7as Tradicionais:<\/strong><\/p>\n<p style=\"text-align: justify;\">Xiru \u2013 Veterana \u2013 Mirim \u2013 Juvenil \u2013 Adulto<\/p>\n<p style=\"text-align: justify;\">12hs00 \u2013 Almo\u00e7o (galp\u00e3o crioulo)<\/p>\n<p style=\"text-align: justify;\"><span style=\"color: #ff0000;\"><strong>13hs30 \u2013 Palco A<\/strong><\/span><\/p>\n<p style=\"text-align: justify;\"><strong>Continuidade das dan\u00e7as tradicionais:<\/strong><\/p>\n<p style=\"text-align: justify;\">Mirim \u2013 Juvenil &#8211; Adulto e Xiru<\/p>\n<p style=\"text-align: justify;\">17hs00- A entrega de premia\u00e7\u00e3o e encerramento.<\/p>\n<p style=\"text-align: justify;\"><span style=\"color: #339966;\"><strong>O Esporte ter\u00e1 in\u00edcio \u00e0s 14 horas do s\u00e1bado e prossegue no domingo.<\/strong><\/span><\/p>\n","protected":false},"excerpt":{"rendered":"<p>O CTG Cultivando a Tradi\u00e7\u00e3o de Chapad\u00e3o do Sul, vai realizar nos dias 31 de outubro de 1\u00ba de novembro, a 8\u00aa Edi\u00e7\u00e3o do 8\u00ba Rodeio Art\u00edstico Cultural de Mato Grosso do Sul. O Rodeio Art\u00edstico \u00e9 promovido todos os anos pelo MTG\/MS, Movimento Tradicionalista Ga\u00facho de MS. CTG Cultivando a Tradi\u00e7\u00e3o vai receber 09 [&hellip;]<\/p>\n","protected":false},"author":4,"featured_media":12866,"comment_status":"closed","ping_status":"closed","sticky":false,"template":"","format":"standard","meta":{"footnotes":""},"categories":[23],"tags":[],"class_list":["post-12865","post","type-post","status-publish","format-standard","has-post-thumbnail","hentry","category-chapadao-do-sul"],"_links":{"self":[{"href":"https:\/\/www.ocorreionews.com.br\/acervo-correio\/index.php?rest_route=\/wp\/v2\/posts\/12865","targetHints":{"allow":["GET"]}}],"collection":[{"href":"https:\/\/www.ocorreionews.com.br\/acervo-correio\/index.php?rest_route=\/wp\/v2\/posts"}],"about":[{"href":"https:\/\/www.ocorreionews.com.br\/acervo-correio\/index.php?rest_route=\/wp\/v2\/types\/post"}],"author":[{"embeddable":true,"href":"https:\/\/www.ocorreionews.com.br\/acervo-correio\/index.php?rest_route=\/wp\/v2\/users\/4"}],"replies":[{"embeddable":true,"href":"https:\/\/www.ocorreionews.com.br\/acervo-correio\/index.php?rest_route=%2Fwp%2Fv2%2Fcomments&post=12865"}],"version-history":[{"count":0,"href":"https:\/\/www.ocorreionews.com.br\/acervo-correio\/index.php?rest_route=\/wp\/v2\/posts\/12865\/revisions"}],"wp:featuredmedia":[{"embeddable":true,"href":"https:\/\/www.ocorreionews.com.br\/acervo-correio\/index.php?rest_route=\/wp\/v2\/media\/12866"}],"wp:attachment":[{"href":"https:\/\/www.ocorreionews.com.br\/acervo-correio\/index.php?rest_route=%2Fwp%2Fv2%2Fmedia&parent=12865"}],"wp:term":[{"taxonomy":"category","embeddable":true,"href":"https:\/\/www.ocorreionews.com.br\/acervo-correio\/index.php?rest_route=%2Fwp%2Fv2%2Fcategories&post=12865"},{"taxonomy":"post_tag","embeddable":true,"href":"https:\/\/www.ocorreionews.com.br\/acervo-correio\/index.php?rest_route=%2Fwp%2Fv2%2Ftags&post=12865"}],"curies":[{"name":"wp","href":"https:\/\/api.w.org\/{rel}","templated":true}]}}