{"id":12881,"date":"2015-10-16T07:05:04","date_gmt":"2015-10-16T11:05:04","guid":{"rendered":"https:\/\/ocorreionews.com.br\/?p=12881"},"modified":"2015-10-16T07:06:12","modified_gmt":"2015-10-16T11:06:12","slug":"carreta-carregada-de-algodao-pega-fogo-na-ms-306-proximo-a-lage","status":"publish","type":"post","link":"https:\/\/www.ocorreionews.com.br\/acervo-correio\/?p=12881","title":{"rendered":"Carreta carregada de algod\u00e3o pega fogo na MS 306, pr\u00f3ximo a Lage"},"content":{"rendered":"<div>Uma carreta carregada com algod\u00e3o pegou fogo no final da manh\u00e3 desta quinta-feira (15) na rodovia MS 306, pr\u00f3ximo a Lage, cerca de 20km de Costa Rica &#8211; MS. De acordo com informa\u00e7\u00f5es do Corpo de Bombeiros, o acidente ocorreu por volta das 11h e parte da guarni\u00e7\u00e3o de Costa Rica foi mobilizada para conter as chamas. A suspeita \u00e9 de que a carga tenha sofrido combust\u00e3o espont\u00e2nea. O motorista da carreta saiu ileso do acidente.<\/div>\n<div><\/div>\n<div>Para combater as chamas, os bombeiros utilizaram aproximadamente 5 mil litros de \u00e1gua e levaram cerca de 3 horas e meia para apagar o fogo e fazer o resfriamento da carga.<\/div>\n<div><\/div>\n<div>Nossa reportagem apurou ainda que a pista ficou interditada por um tempo, mas mesmo assim alguns motoristas avan\u00e7aram sem autoriza\u00e7\u00e3o e seguiram viagem passando ao lado da carreta em chamas, colocando em risco suas vidas. O comandante do Corpo de Bombeiros Militar de Costa Rica, Capit\u00e3o Aldinei Peres da Silva, faz um alerta para que as pessoas respeitem as sinaliza\u00e7\u00f5es e sejam prudentes.<\/div>\n<div>A carreta saiu de uma fazenda na regi\u00e3o de Costa Rica e seguia para o Munic\u00edpio vizinho, Chapad\u00e3o do Sul \u2013 MS. Nem toda a carga foi perdida.<\/div>\n<div>Fonte: Igor Santana-Foto: Uanderson Carvalho &#8211; Corpo de Bombeiros<\/div>\n","protected":false},"excerpt":{"rendered":"<p>Uma carreta carregada com algod\u00e3o pegou fogo no final da manh\u00e3 desta quinta-feira (15) na rodovia MS 306, pr\u00f3ximo a Lage, cerca de 20km de Costa Rica &#8211; MS. De acordo com informa\u00e7\u00f5es do Corpo de Bombeiros, o acidente ocorreu por volta das 11h e parte da guarni\u00e7\u00e3o de Costa Rica foi mobilizada para conter [&hellip;]<\/p>\n","protected":false},"author":4,"featured_media":12882,"comment_status":"closed","ping_status":"closed","sticky":false,"template":"","format":"standard","meta":{"footnotes":""},"categories":[25],"tags":[],"class_list":["post-12881","post","type-post","status-publish","format-standard","has-post-thumbnail","hentry","category-costa-rica"],"_links":{"self":[{"href":"https:\/\/www.ocorreionews.com.br\/acervo-correio\/index.php?rest_route=\/wp\/v2\/posts\/12881","targetHints":{"allow":["GET"]}}],"collection":[{"href":"https:\/\/www.ocorreionews.com.br\/acervo-correio\/index.php?rest_route=\/wp\/v2\/posts"}],"about":[{"href":"https:\/\/www.ocorreionews.com.br\/acervo-correio\/index.php?rest_route=\/wp\/v2\/types\/post"}],"author":[{"embeddable":true,"href":"https:\/\/www.ocorreionews.com.br\/acervo-correio\/index.php?rest_route=\/wp\/v2\/users\/4"}],"replies":[{"embeddable":true,"href":"https:\/\/www.ocorreionews.com.br\/acervo-correio\/index.php?rest_route=%2Fwp%2Fv2%2Fcomments&post=12881"}],"version-history":[{"count":0,"href":"https:\/\/www.ocorreionews.com.br\/acervo-correio\/index.php?rest_route=\/wp\/v2\/posts\/12881\/revisions"}],"wp:featuredmedia":[{"embeddable":true,"href":"https:\/\/www.ocorreionews.com.br\/acervo-correio\/index.php?rest_route=\/wp\/v2\/media\/12882"}],"wp:attachment":[{"href":"https:\/\/www.ocorreionews.com.br\/acervo-correio\/index.php?rest_route=%2Fwp%2Fv2%2Fmedia&parent=12881"}],"wp:term":[{"taxonomy":"category","embeddable":true,"href":"https:\/\/www.ocorreionews.com.br\/acervo-correio\/index.php?rest_route=%2Fwp%2Fv2%2Fcategories&post=12881"},{"taxonomy":"post_tag","embeddable":true,"href":"https:\/\/www.ocorreionews.com.br\/acervo-correio\/index.php?rest_route=%2Fwp%2Fv2%2Ftags&post=12881"}],"curies":[{"name":"wp","href":"https:\/\/api.w.org\/{rel}","templated":true}]}}