{"id":12897,"date":"2015-10-16T08:22:52","date_gmt":"2015-10-16T12:22:52","guid":{"rendered":"https:\/\/ocorreionews.com.br\/?p=12897"},"modified":"2015-10-16T08:22:52","modified_gmt":"2015-10-16T12:22:52","slug":"horario-de-verao-vai-gerar-economia-de-r-7-bilhoes-diz-governo","status":"publish","type":"post","link":"https:\/\/www.ocorreionews.com.br\/acervo-correio\/?p=12897","title":{"rendered":"Hor\u00e1rio de ver\u00e3o vai gerar economia de R$ 7 bilh\u00f5es, diz governo"},"content":{"rendered":"<p>O governo federal estima que ir\u00e1 economizar cerca de R$ 7 bilh\u00f5es com a ado\u00e7\u00e3o do hor\u00e1rio de ver\u00e3o. O valor diz respeito aos investimentos que precisariam ser feitos no sistema el\u00e9trico caso a mudan\u00e7a de hor\u00e1rio n\u00e3o fosse adotada. Neste caso, seria necess\u00e1rio atender a uma demanda adicional de 2,6 mil megawatts (MW) no per\u00edodo, segundo o Minist\u00e9rio de Minas e Energia.<\/p>\n<div class=\"foto componente_materia midia-largura-290\"><img loading=\"lazy\" decoding=\"async\" class=\"alignleft\" title=\"selo hor\u00e1rio de ver\u00e3o (Foto: Editoria de arte\/G1)\" src=\"http:\/\/s2.glbimg.com\/gOyR9r1_NHVMpzyaTHCC4qXP-R0=\/s.glbimg.com\/jo\/g1\/f\/original\/2015\/10\/15\/horario-de-verao-adiante-seu-relogio-1h.jpg\" alt=\"selo hor\u00e1rio de ver\u00e3o (Foto: Editoria de arte\/G1)\" width=\"290\" height=\"890\" \/><\/div>\n<p>O hor\u00e1rio de ver\u00e3o come\u00e7a no domingo (18) e vai durar at\u00e9 o dia 21 de fevereiro de 2016. Isso significa que \u00e0 0h (meia-noite) de s\u00e1bado para domingo, os moradores das regi\u00f5es Sul, Sudeste e Centro-Oeste ter\u00e3o que adiantar os rel\u00f3gios em uma hora.<\/p>\n<p>O hor\u00e1rio diferenciado abrange os estados do Rio Grande do Sul, Santa Catarina, Paran\u00e1, S\u00e3o Paulo, Rio de Janeiro, Esp\u00edrito Santo, Minas Gerais, Goi\u00e1s, Mato Grosso e Mato Grosso do Sul, al\u00e9m do Distrito Federal.<\/p>\n<p>Entre os objetivos est\u00e1 a redu\u00e7\u00e3o da demanda durante o hor\u00e1rio de pico, que vai normalmente das 18h \u00e0s 21h. Com o hor\u00e1rio de ver\u00e3o, a ilumina\u00e7\u00e3o p\u00fablica, por exemplo, \u00e9 acionada mais tarde, deixando de coincidir com o hor\u00e1rio de consumo da ind\u00fastria e do com\u00e9rcio.<\/p>\n<p>O governo explica que o hor\u00e1rio de ver\u00e3o possibilita a amplia\u00e7\u00e3o do per\u00edodo de maior consumo, reduzindo o volume de carga de energia nas linhas de transmiss\u00e3o, nas subesta\u00e7\u00f5es e nos sistemas de distribui\u00e7\u00e3o num mesmo momento, o que reduz os riscos de apag\u00f5es.<\/p>\n<p><strong>Expectativa de redu\u00e7\u00e3o do consumo<\/strong><br \/>\nA expectativa \u00e9 chegar a uma redu\u00e7\u00e3o m\u00e9dia de 4,5% na demanda de energia no pa\u00eds no hor\u00e1rio de maior consumo, com economia de 0,5% durante todo o per\u00edodo do hor\u00e1rio de ver\u00e3o. Os patamares s\u00e3o os mesmos do que os registrados em anos anteriores.<\/p>\n<p>Conforme o Minist\u00e9rio de Minas e Energia, a economia equivale, aproximadamente, ao consumo mensal de energia de Bras\u00edlia (DF), que tem 2,8 milh\u00f5es de habitantes, ou \u00e0 metade do consumo mensal de uma cidade como Curitiba (PR), cuja popula\u00e7\u00e3o \u00e9 de 1,7 milh\u00e3o de pessoas.<\/p>\n<p>Esta ser\u00e1 a 40\u00aa edi\u00e7\u00e3o do hor\u00e1rio de ver\u00e3o no pa\u00eds. A primeira vez ocorreu no ver\u00e3o de 1931\/1932.<\/p>\n<p><strong>Consumo de energia<\/strong><br \/>\nO ano de 2015 tem sido marcado pela queda do consumo de energia no pa\u00eds, em meio a uma atividade econ\u00f4mica em recess\u00e3o e tamb\u00e9m \u00e0 forte alta das tarifas de energia. Conforme o secret\u00e1rio-executivo do Minist\u00e9rio de Minas e Energia, Luiz Eduardo Barata, as proje\u00e7\u00f5es do governo j\u00e1 levam em conta este cen\u00e1rio.<\/p>\n<p>Por conta da escassez de chuvas, que prejudicou o armazenamento nas represas das principais hidrel\u00e9tricas do pa\u00eds, o governo vinha mantendo ligadas, at\u00e9 agosto, todas as t\u00e9rmicas dispon\u00edveis desde o final de 2012. Como essa energia \u00e9 mais cara, a medida contribuiu para a eleva\u00e7\u00e3o do valor das contas de luz.<\/p>\n<p>Tamb\u00e9m ajudou a aumentar os custos no setor el\u00e9trico o plano anunciado pelo governo no final de 2012 e que levou \u00e0 redu\u00e7\u00e3o das contas de luz em 20%. \u00c9 que, para chegar a esse resultado, o governo antecipou a renova\u00e7\u00e3o das concess\u00f5es de geradoras (usinas hidrel\u00e9tricas) e transmissoras de energia que, por conta disso, precisaram receber indeniza\u00e7\u00e3o por investimentos feitos e que n\u00e3o haviam sido totalmente pagos. Essas indeniza\u00e7\u00f5es ainda est\u00e3o sendo pagas, e o custo tem sido repassado ao consumidor final por meio da eleva\u00e7\u00e3o das tarifas.<\/p>\n<p>&nbsp;<\/p>\n<p>Fonte : G1<\/p>\n","protected":false},"excerpt":{"rendered":"<p>O governo federal estima que ir\u00e1 economizar cerca de R$ 7 bilh\u00f5es com a ado\u00e7\u00e3o do hor\u00e1rio de ver\u00e3o. O valor diz respeito aos investimentos que precisariam ser feitos no sistema el\u00e9trico caso a mudan\u00e7a de hor\u00e1rio n\u00e3o fosse adotada. Neste caso, seria necess\u00e1rio atender a uma demanda adicional de 2,6 mil megawatts (MW) no [&hellip;]<\/p>\n","protected":false},"author":4,"featured_media":11090,"comment_status":"closed","ping_status":"closed","sticky":false,"template":"","format":"standard","meta":{"footnotes":""},"categories":[26],"tags":[],"class_list":["post-12897","post","type-post","status-publish","format-standard","has-post-thumbnail","hentry","category-economia"],"_links":{"self":[{"href":"https:\/\/www.ocorreionews.com.br\/acervo-correio\/index.php?rest_route=\/wp\/v2\/posts\/12897","targetHints":{"allow":["GET"]}}],"collection":[{"href":"https:\/\/www.ocorreionews.com.br\/acervo-correio\/index.php?rest_route=\/wp\/v2\/posts"}],"about":[{"href":"https:\/\/www.ocorreionews.com.br\/acervo-correio\/index.php?rest_route=\/wp\/v2\/types\/post"}],"author":[{"embeddable":true,"href":"https:\/\/www.ocorreionews.com.br\/acervo-correio\/index.php?rest_route=\/wp\/v2\/users\/4"}],"replies":[{"embeddable":true,"href":"https:\/\/www.ocorreionews.com.br\/acervo-correio\/index.php?rest_route=%2Fwp%2Fv2%2Fcomments&post=12897"}],"version-history":[{"count":0,"href":"https:\/\/www.ocorreionews.com.br\/acervo-correio\/index.php?rest_route=\/wp\/v2\/posts\/12897\/revisions"}],"wp:featuredmedia":[{"embeddable":true,"href":"https:\/\/www.ocorreionews.com.br\/acervo-correio\/index.php?rest_route=\/wp\/v2\/media\/11090"}],"wp:attachment":[{"href":"https:\/\/www.ocorreionews.com.br\/acervo-correio\/index.php?rest_route=%2Fwp%2Fv2%2Fmedia&parent=12897"}],"wp:term":[{"taxonomy":"category","embeddable":true,"href":"https:\/\/www.ocorreionews.com.br\/acervo-correio\/index.php?rest_route=%2Fwp%2Fv2%2Fcategories&post=12897"},{"taxonomy":"post_tag","embeddable":true,"href":"https:\/\/www.ocorreionews.com.br\/acervo-correio\/index.php?rest_route=%2Fwp%2Fv2%2Ftags&post=12897"}],"curies":[{"name":"wp","href":"https:\/\/api.w.org\/{rel}","templated":true}]}}