{"id":12901,"date":"2015-10-16T08:33:20","date_gmt":"2015-10-16T12:33:20","guid":{"rendered":"https:\/\/ocorreionews.com.br\/?p=12901"},"modified":"2015-10-16T08:33:20","modified_gmt":"2015-10-16T12:33:20","slug":"condutora-e-passageira-saem-ilesas-apos-acidente-na-br-060","status":"publish","type":"post","link":"https:\/\/www.ocorreionews.com.br\/acervo-correio\/?p=12901","title":{"rendered":"Condutora e passageira saem ilesas ap\u00f3s acidente na BR 060"},"content":{"rendered":"<p>Na tarde desta quinta-feira (15) ocorreu um acidente automobil\u00edstico na BR 060 entre Camapu\u00e3 e Para\u00edso das \u00c1guas. Conforme informa\u00e7\u00f5es apuradas pelo InfocoMS as mulheres moradoras de Chapad\u00e3o do Sul retornavam de Campo Grande em um ve\u00edculo Grand Siena de cor branca quando na altura do Km 175, aproximadamente 23 km de Camapu\u00e3, por motivos ainda desconhecidos a condutora perdeu o controle da dire\u00e7\u00e3o, saindo da pista e capotando na sequ\u00eancia.<\/p>\n<p>Motorista e passageira foram socorridas por moradores de fazendas pr\u00f3ximas, apesar da gravidade do acidente sa\u00edram ilesas.<\/p>\n<p>Essas s\u00e3o as informa\u00e7\u00f5es obtidas at\u00e9 o fechamento desta not\u00edcia, mais detalhes a qualquer momento.<\/p>\n<p>&nbsp;<\/p>\n<p>&nbsp;<\/p>\n<p>&nbsp;<\/p>\n<p>Infoco MS<\/p>\n","protected":false},"excerpt":{"rendered":"<p>Na tarde desta quinta-feira (15) ocorreu um acidente automobil\u00edstico na BR 060 entre Camapu\u00e3 e Para\u00edso das \u00c1guas. Conforme informa\u00e7\u00f5es apuradas pelo InfocoMS as mulheres moradoras de Chapad\u00e3o do Sul retornavam de Campo Grande em um ve\u00edculo Grand Siena de cor branca quando na altura do Km 175, aproximadamente 23 km de Camapu\u00e3, por motivos [&hellip;]<\/p>\n","protected":false},"author":4,"featured_media":12902,"comment_status":"closed","ping_status":"closed","sticky":false,"template":"","format":"standard","meta":{"footnotes":""},"categories":[38],"tags":[],"class_list":["post-12901","post","type-post","status-publish","format-standard","has-post-thumbnail","hentry","category-policia"],"_links":{"self":[{"href":"https:\/\/www.ocorreionews.com.br\/acervo-correio\/index.php?rest_route=\/wp\/v2\/posts\/12901","targetHints":{"allow":["GET"]}}],"collection":[{"href":"https:\/\/www.ocorreionews.com.br\/acervo-correio\/index.php?rest_route=\/wp\/v2\/posts"}],"about":[{"href":"https:\/\/www.ocorreionews.com.br\/acervo-correio\/index.php?rest_route=\/wp\/v2\/types\/post"}],"author":[{"embeddable":true,"href":"https:\/\/www.ocorreionews.com.br\/acervo-correio\/index.php?rest_route=\/wp\/v2\/users\/4"}],"replies":[{"embeddable":true,"href":"https:\/\/www.ocorreionews.com.br\/acervo-correio\/index.php?rest_route=%2Fwp%2Fv2%2Fcomments&post=12901"}],"version-history":[{"count":0,"href":"https:\/\/www.ocorreionews.com.br\/acervo-correio\/index.php?rest_route=\/wp\/v2\/posts\/12901\/revisions"}],"wp:featuredmedia":[{"embeddable":true,"href":"https:\/\/www.ocorreionews.com.br\/acervo-correio\/index.php?rest_route=\/wp\/v2\/media\/12902"}],"wp:attachment":[{"href":"https:\/\/www.ocorreionews.com.br\/acervo-correio\/index.php?rest_route=%2Fwp%2Fv2%2Fmedia&parent=12901"}],"wp:term":[{"taxonomy":"category","embeddable":true,"href":"https:\/\/www.ocorreionews.com.br\/acervo-correio\/index.php?rest_route=%2Fwp%2Fv2%2Fcategories&post=12901"},{"taxonomy":"post_tag","embeddable":true,"href":"https:\/\/www.ocorreionews.com.br\/acervo-correio\/index.php?rest_route=%2Fwp%2Fv2%2Ftags&post=12901"}],"curies":[{"name":"wp","href":"https:\/\/api.w.org\/{rel}","templated":true}]}}