{"id":12904,"date":"2015-10-16T08:38:36","date_gmt":"2015-10-16T12:38:36","guid":{"rendered":"https:\/\/ocorreionews.com.br\/?p=12904"},"modified":"2015-10-16T08:38:36","modified_gmt":"2015-10-16T12:38:36","slug":"prefeitura-de-costa-rica-conclui-obras-de-recuperacao-da-ponte-de-acesso-ao-caminho-da-fe","status":"publish","type":"post","link":"https:\/\/www.ocorreionews.com.br\/acervo-correio\/?p=12904","title":{"rendered":"Prefeitura de Costa Rica conclu\u00ed obras de recupera\u00e7\u00e3o da ponte de acesso ao Caminho da F\u00e9"},"content":{"rendered":"<div class=\"marginBottom30px link-Internas\">\n<p>A Secretaria Municipal de Transportes, Urbaniza\u00e7\u00e3o e Obras P\u00fablica concluiu nesta semana a obra de recupera\u00e7\u00e3o da ponte de acesso ao Caminho da F\u00e9, regi\u00e3o da Capela, em Costa Rica \u2013 MS.<\/p>\n<p>Conforme o secret\u00e1rio, engenheiro Civil Renato Barbosa de Melo, a obra iniciou no m\u00eas de setembro e em menos de 20 dias foi conclu\u00edda. \u201cInvestimentos aproximadamente R$ 30 mil de recursos pr\u00f3prios para a recupera\u00e7\u00e3o da ponte\u201d, comenta.<\/p>\n<p>Segundo o subsecret\u00e1rio de Obras, Aparecido Lacerda \u2018Pav\u00e3o\u2019, a equipe retirou a ponte de madeira e colocou no lugar para dar sustentabilidade tubos de concreto finalizando com um aterro e um rodap\u00e9 de madeira para evitar o deslizamento dos ve\u00edculos.<\/p>\n<p>O prefeito Waldeli dos Santos Rosa ressalta que a prioridade foi garantir a seguran\u00e7a da popula\u00e7\u00e3o. \u201cA obra \u00e9 de vital import\u00e2ncia para a regi\u00e3o. Os servi\u00e7os executados v\u00e3o garantir uma estrutura mais dur\u00e1vel para a ponte\u201d.<\/p>\n<\/div>\n<p>&nbsp;<\/p>\n<p>&nbsp;<\/p>\n<div class=\"marginBottom30px link-Internas\">ASSECOM\/PMCR<\/div>\n","protected":false},"excerpt":{"rendered":"<p>A Secretaria Municipal de Transportes, Urbaniza\u00e7\u00e3o e Obras P\u00fablica concluiu nesta semana a obra de recupera\u00e7\u00e3o da ponte de acesso ao Caminho da F\u00e9, regi\u00e3o da Capela, em Costa Rica \u2013 MS. Conforme o secret\u00e1rio, engenheiro Civil Renato Barbosa de Melo, a obra iniciou no m\u00eas de setembro e em menos de 20 dias foi [&hellip;]<\/p>\n","protected":false},"author":4,"featured_media":12905,"comment_status":"closed","ping_status":"closed","sticky":false,"template":"","format":"standard","meta":{"footnotes":""},"categories":[25],"tags":[],"class_list":["post-12904","post","type-post","status-publish","format-standard","has-post-thumbnail","hentry","category-costa-rica"],"_links":{"self":[{"href":"https:\/\/www.ocorreionews.com.br\/acervo-correio\/index.php?rest_route=\/wp\/v2\/posts\/12904","targetHints":{"allow":["GET"]}}],"collection":[{"href":"https:\/\/www.ocorreionews.com.br\/acervo-correio\/index.php?rest_route=\/wp\/v2\/posts"}],"about":[{"href":"https:\/\/www.ocorreionews.com.br\/acervo-correio\/index.php?rest_route=\/wp\/v2\/types\/post"}],"author":[{"embeddable":true,"href":"https:\/\/www.ocorreionews.com.br\/acervo-correio\/index.php?rest_route=\/wp\/v2\/users\/4"}],"replies":[{"embeddable":true,"href":"https:\/\/www.ocorreionews.com.br\/acervo-correio\/index.php?rest_route=%2Fwp%2Fv2%2Fcomments&post=12904"}],"version-history":[{"count":0,"href":"https:\/\/www.ocorreionews.com.br\/acervo-correio\/index.php?rest_route=\/wp\/v2\/posts\/12904\/revisions"}],"wp:featuredmedia":[{"embeddable":true,"href":"https:\/\/www.ocorreionews.com.br\/acervo-correio\/index.php?rest_route=\/wp\/v2\/media\/12905"}],"wp:attachment":[{"href":"https:\/\/www.ocorreionews.com.br\/acervo-correio\/index.php?rest_route=%2Fwp%2Fv2%2Fmedia&parent=12904"}],"wp:term":[{"taxonomy":"category","embeddable":true,"href":"https:\/\/www.ocorreionews.com.br\/acervo-correio\/index.php?rest_route=%2Fwp%2Fv2%2Fcategories&post=12904"},{"taxonomy":"post_tag","embeddable":true,"href":"https:\/\/www.ocorreionews.com.br\/acervo-correio\/index.php?rest_route=%2Fwp%2Fv2%2Ftags&post=12904"}],"curies":[{"name":"wp","href":"https:\/\/api.w.org\/{rel}","templated":true}]}}