{"id":12907,"date":"2015-10-16T08:41:32","date_gmt":"2015-10-16T12:41:32","guid":{"rendered":"https:\/\/ocorreionews.com.br\/?p=12907"},"modified":"2015-10-16T08:41:32","modified_gmt":"2015-10-16T12:41:32","slug":"bezerro-nasce-diferente-e-chama-a-atencao-em-fazenda-de-alcinopolis","status":"publish","type":"post","link":"https:\/\/www.ocorreionews.com.br\/acervo-correio\/?p=12907","title":{"rendered":"Bezerro nasce diferente e chama a aten\u00e7\u00e3o em fazenda de Alcin\u00f3polis"},"content":{"rendered":"<p>Um bezerro nascido nesta quarta-feira (14) com uma apar\u00eancia inusitada chamou a aten\u00e7\u00e3o numa fazenda localizada no munic\u00edpio de Alcin\u00f3polis.<\/p>\n<p>Segundo o site Alcin\u00f3polis.com, o animal nasceu com os olhos bem pequenos, boca grande e achatada al\u00e9m de bochechas e dentes semelhantes ao de um ser humano.<\/p>\n<p>A anomalia chamou a aten\u00e7\u00e3o na Fazenda Caneta, que pertence ao propriet\u00e1rio rural Domingos Rodrigues Menezes.<\/p>\n<div class=\"imagem_noticia left img300_225\"><a href=\"http:\/\/edicaoms.com.br\/uploads\/images\/noticias\/002e11cb1a25b44f389e325f803cb31b.jpg\" data-lightbox=\"example-2\" data-title=\"Foto: Alcin\u00f3polis.com\"><img decoding=\"async\" title=\"\" src=\"http:\/\/edicaoms.com.br\/uploads\/images\/noticias\/002e11cb1a25b44f389e325f803cb31b.jpg\" alt=\"\" \/><\/a><\/div>\n<div class=\"imagem_noticia right img300_225\"><a href=\"http:\/\/edicaoms.com.br\/uploads\/images\/noticias\/df09ae2043d26a0f956c55e958eed6a5.jpg\" data-lightbox=\"example-2\" data-title=\"Foto: Alcin\u00f3polis.com\"><img decoding=\"async\" title=\"\" src=\"http:\/\/edicaoms.com.br\/uploads\/images\/noticias\/df09ae2043d26a0f956c55e958eed6a5.jpg\" alt=\"\" \/><\/a><\/p>\n<div class=\"foto_legenda\"><\/div>\n<div class=\"foto_legenda\"><\/div>\n<div class=\"foto_legenda\"><\/div>\n<div class=\"foto_legenda\"><\/div>\n<div class=\"foto_legenda\">Fonte: Edi\u00e7\u00e3o de Noticias &#8211;\u00a0Foto: Alcin\u00f3polis.com<\/div>\n<\/div>\n","protected":false},"excerpt":{"rendered":"<p>Um bezerro nascido nesta quarta-feira (14) com uma apar\u00eancia inusitada chamou a aten\u00e7\u00e3o numa fazenda localizada no munic\u00edpio de Alcin\u00f3polis. Segundo o site Alcin\u00f3polis.com, o animal nasceu com os olhos bem pequenos, boca grande e achatada al\u00e9m de bochechas e dentes semelhantes ao de um ser humano. A anomalia chamou a aten\u00e7\u00e3o na Fazenda Caneta, [&hellip;]<\/p>\n","protected":false},"author":4,"featured_media":12908,"comment_status":"closed","ping_status":"closed","sticky":false,"template":"","format":"standard","meta":{"footnotes":""},"categories":[31],"tags":[],"class_list":["post-12907","post","type-post","status-publish","format-standard","has-post-thumbnail","hentry","category-geral"],"_links":{"self":[{"href":"https:\/\/www.ocorreionews.com.br\/acervo-correio\/index.php?rest_route=\/wp\/v2\/posts\/12907","targetHints":{"allow":["GET"]}}],"collection":[{"href":"https:\/\/www.ocorreionews.com.br\/acervo-correio\/index.php?rest_route=\/wp\/v2\/posts"}],"about":[{"href":"https:\/\/www.ocorreionews.com.br\/acervo-correio\/index.php?rest_route=\/wp\/v2\/types\/post"}],"author":[{"embeddable":true,"href":"https:\/\/www.ocorreionews.com.br\/acervo-correio\/index.php?rest_route=\/wp\/v2\/users\/4"}],"replies":[{"embeddable":true,"href":"https:\/\/www.ocorreionews.com.br\/acervo-correio\/index.php?rest_route=%2Fwp%2Fv2%2Fcomments&post=12907"}],"version-history":[{"count":0,"href":"https:\/\/www.ocorreionews.com.br\/acervo-correio\/index.php?rest_route=\/wp\/v2\/posts\/12907\/revisions"}],"wp:featuredmedia":[{"embeddable":true,"href":"https:\/\/www.ocorreionews.com.br\/acervo-correio\/index.php?rest_route=\/wp\/v2\/media\/12908"}],"wp:attachment":[{"href":"https:\/\/www.ocorreionews.com.br\/acervo-correio\/index.php?rest_route=%2Fwp%2Fv2%2Fmedia&parent=12907"}],"wp:term":[{"taxonomy":"category","embeddable":true,"href":"https:\/\/www.ocorreionews.com.br\/acervo-correio\/index.php?rest_route=%2Fwp%2Fv2%2Fcategories&post=12907"},{"taxonomy":"post_tag","embeddable":true,"href":"https:\/\/www.ocorreionews.com.br\/acervo-correio\/index.php?rest_route=%2Fwp%2Fv2%2Ftags&post=12907"}],"curies":[{"name":"wp","href":"https:\/\/api.w.org\/{rel}","templated":true}]}}