{"id":12919,"date":"2015-10-16T13:21:29","date_gmt":"2015-10-16T17:21:29","guid":{"rendered":"https:\/\/ocorreionews.com.br\/?p=12919"},"modified":"2015-10-16T13:21:29","modified_gmt":"2015-10-16T17:21:29","slug":"tcm-aprova-contas-do-ex-presidente-do-legislativo-walter-rosa","status":"publish","type":"post","link":"https:\/\/www.ocorreionews.com.br\/acervo-correio\/?p=12919","title":{"rendered":"TCM aprova contas do ex-presidente do Legislativo Walter Rosa"},"content":{"rendered":"<p>O Tribunal de Contas dos Munic\u00edpios, do Estado de Goi\u00e1s, aprovou sem ressalvas as contas do Poder Legislativo do ano de 2014, do ex-presidente da C\u00e2mara Municipal, Walter Rosa.<\/p>\n<p>Conforme o processo 038\/91 do acord\u00e3o AC-N\u00ba 07797\/2015, as contas do gestor do Poder Legislativo do ano de 2014, foram considerados regulares e sem ressalvas e de veracidade ideol\u00f3gicas presumida.<\/p>\n<p>As contas foram aprovadas pela 2\u00aa C\u00e2mara do TCM-GO, e teve como relator Conselheiro Substituto Irany J\u00fanior.<\/p>\n","protected":false},"excerpt":{"rendered":"<p>O Tribunal de Contas dos Munic\u00edpios, do Estado de Goi\u00e1s, aprovou sem ressalvas as contas do Poder Legislativo do ano de 2014, do ex-presidente da C\u00e2mara Municipal, Walter Rosa. Conforme o processo 038\/91 do acord\u00e3o AC-N\u00ba 07797\/2015, as contas do gestor do Poder Legislativo do ano de 2014, foram considerados regulares e sem ressalvas e [&hellip;]<\/p>\n","protected":false},"author":4,"featured_media":10091,"comment_status":"closed","ping_status":"closed","sticky":false,"template":"","format":"standard","meta":{"footnotes":""},"categories":[22],"tags":[],"class_list":["post-12919","post","type-post","status-publish","format-standard","has-post-thumbnail","hentry","category-chapadao-do-ceu"],"_links":{"self":[{"href":"https:\/\/www.ocorreionews.com.br\/acervo-correio\/index.php?rest_route=\/wp\/v2\/posts\/12919","targetHints":{"allow":["GET"]}}],"collection":[{"href":"https:\/\/www.ocorreionews.com.br\/acervo-correio\/index.php?rest_route=\/wp\/v2\/posts"}],"about":[{"href":"https:\/\/www.ocorreionews.com.br\/acervo-correio\/index.php?rest_route=\/wp\/v2\/types\/post"}],"author":[{"embeddable":true,"href":"https:\/\/www.ocorreionews.com.br\/acervo-correio\/index.php?rest_route=\/wp\/v2\/users\/4"}],"replies":[{"embeddable":true,"href":"https:\/\/www.ocorreionews.com.br\/acervo-correio\/index.php?rest_route=%2Fwp%2Fv2%2Fcomments&post=12919"}],"version-history":[{"count":0,"href":"https:\/\/www.ocorreionews.com.br\/acervo-correio\/index.php?rest_route=\/wp\/v2\/posts\/12919\/revisions"}],"wp:featuredmedia":[{"embeddable":true,"href":"https:\/\/www.ocorreionews.com.br\/acervo-correio\/index.php?rest_route=\/wp\/v2\/media\/10091"}],"wp:attachment":[{"href":"https:\/\/www.ocorreionews.com.br\/acervo-correio\/index.php?rest_route=%2Fwp%2Fv2%2Fmedia&parent=12919"}],"wp:term":[{"taxonomy":"category","embeddable":true,"href":"https:\/\/www.ocorreionews.com.br\/acervo-correio\/index.php?rest_route=%2Fwp%2Fv2%2Fcategories&post=12919"},{"taxonomy":"post_tag","embeddable":true,"href":"https:\/\/www.ocorreionews.com.br\/acervo-correio\/index.php?rest_route=%2Fwp%2Fv2%2Ftags&post=12919"}],"curies":[{"name":"wp","href":"https:\/\/api.w.org\/{rel}","templated":true}]}}