{"id":12939,"date":"2015-10-16T15:35:27","date_gmt":"2015-10-16T19:35:27","guid":{"rendered":"https:\/\/ocorreionews.com.br\/?p=12939"},"modified":"2015-10-16T15:36:39","modified_gmt":"2015-10-16T19:36:39","slug":"quadrilha-era-fria-calculista-violenta-e-iria-fazer-mais-vitimas-diz-delegado","status":"publish","type":"post","link":"https:\/\/www.ocorreionews.com.br\/acervo-correio\/?p=12939","title":{"rendered":"Quadrilha era fria, calculista, violenta e iria fazer mais v\u00edtimas, diz delegado"},"content":{"rendered":"<div class=\"content_text_456569\">\n<p style=\"text-align: justify;\">Foram apresentados na manh\u00e3 de hoje (16) na sede do Delegacia Especializada de Repress\u00e3o aos Crimes de Fronteira (Defron) os cinco envolvidos na morte do caseiro Josias Leiva, de 34 anos, em um est\u00e2ncia em Dourados, morto a tiros na manh\u00e3 de quarta-feira (14). De acordo com o delegado respons\u00e1vel pelo caso, Matheus Zampieri, a principal caracter\u00edstica da quadrilha era utilizar viol\u00eancia, al\u00e9m de agirem de forma fria e calculista. &#8220;Eles n\u00e3o iam pensar duas vezes em fazer novas v\u00edtimas para conseguirem voltar ao Paran\u00e1&#8221;, afirmou o Zampieri durante a coletiva de imprensa.<\/p>\n<p style=\"text-align: justify;\">Est\u00e3o presos Francisley Peixoto, o Carv\u00e3o, 31 anos; Rudson Carlos Passarelli da Silva, o Rud, 20 anos; Evandro Medeiros dos Santos, 21 anos; Valdeci Ferreira, o Pica Pau, 44 anos e Bruno Barros de Oliveira, o Pingu\u00e7o, de 20 anos. Todos s\u00e3o do estado do Paran\u00e1 e t\u00eam passagens pela pol\u00edcia.<\/p>\n<p style=\"text-align: justify;\">De acordo com o delegado, a integra\u00e7\u00e3o entre as for\u00e7as de seguran\u00e7a p\u00fablica foi o que levou a pris\u00e3o de todos os membros da quadrilha. &#8220;Tivemos a participa\u00e7\u00e3o de policiais militares, civis e da PRF no caso. A troca de informa\u00e7\u00f5es e a\u00e7\u00f5es em conjunto fizeram com logr\u00e1ssemos \u00eaxito em prender todos os envolvidos, at\u00e9 mesmo um dos indiv\u00edduos que tentou fugir para o Paran\u00e1, sendo preso naquele estado&#8221;, enfatizou o delegado.<\/p>\n<p style=\"text-align: justify;\">Segundo o comandante da For\u00e7a T\u00e1tica de Dourados, Tenente Jouzemar, v\u00e1rias incurs\u00f5es foram feitas na mata atr\u00e1s dos dois indiv\u00edduos em busca de ind\u00edcios que levassem a pris\u00e3o dos assaltantes. &#8220;Foram mais de 30 horas de busca e conforme o tempo passava \u00edamos aumentando a \u00e1rea de atua\u00e7\u00e3o, assim como fazendo contato com as pol\u00edcias de todas as cidades pr\u00f3ximas a mata&#8221;, enfatizou o Tenente.<\/p>\n<p style=\"text-align: justify;\">Na opera\u00e7\u00e3o participaram policiais da Pol\u00edcia Rodovi\u00e1ria Federal, com a utiliza\u00e7\u00e3o de helic\u00f3ptero, do SIG de Dourados e da Pol\u00edcia Civil de Caarap\u00f3 e Juti, policiais militares da For\u00e7a T\u00e1tica de Dourados e do destacamento de Juti, policiais civis e militares do Paran\u00e1, policiais do Departamento de Opera\u00e7\u00f5es de Fronteira (DOF) e da Pol\u00edcia Federal de Dourados.<\/p>\n<h4 style=\"text-align: justify;\">Entenda o Caso<\/h4>\n<p style=\"text-align: justify;\">De acordo com o delegado que acompanha caso, o tiro que matou o caseiro, Josias Leiva, foi disparado por Valdeci Ferreira. O mesmo tamb\u00e9m \u00e9 respons\u00e1vel pelos disparos que atingiram um outro homem no Clube Rancho do La\u00e7o e contra um policial rodovi\u00e1rio federal.<\/p>\n<p style=\"text-align: justify;\">O terror de assaltos e fuga da quadrilha come\u00e7ou no estado do Paran\u00e1, quando Valdeci e outros dois menores roubaram uma caminhonete no estado vizinho, para trazer o ve\u00edculo at\u00e9 o Paraguai onde seria vendido por R$ 9 mil. Bruno Barros aguardava Valdeci na fazenda, para levar a caminhonete at\u00e9 a cidade de Nova Esperan\u00e7a (PR).<\/p>\n<p style=\"text-align: justify;\">Para trazer o ve\u00edculo at\u00e9 o Paraguai, a quadrilha contratou Evandro dos Santos que era habilitado. Na ter\u00e7a-feira \u00e0 noite, a Pol\u00edcia Rodovi\u00e1ria Federal abordou Valdeci, Bruno e Evandro, que empreenderam fuga em meio a mata. Os policiais tamb\u00e9m visualizaram o GM\/Vectra, que foi abordado no posto Capey sendo presos Rudson e Francisley, que informaram que faziam o servi\u00e7o de batedor para os comparsas.<\/p>\n<p style=\"text-align: justify;\">Ap\u00f3s a fuga, Evandro separou-se de Valdeci e Bruno, voltando para Dourados e pegando um motot\u00e1xi at\u00e9 o Paran\u00e1, onde foi preso pela Pol\u00edcia Civil com apoio da Pol\u00edcia Militar, ap\u00f3s receberem informa\u00e7\u00f5es da pol\u00edcia aqui do Estado.<\/p>\n<p style=\"text-align: justify;\">Sozinhos, Valdeci e Bruno buscavam um ve\u00edculo. No Racho do La\u00e7o, os dois fizeram a primeira v\u00edtima, que foi atingida com um disparo de arma de fogo no peito, que est\u00e1 fora de perigo. Sem encontrar nenhum ve\u00edculo no local, os dois seguiram at\u00e9 Est\u00e2ncia B, onde mataram o caseiro com um tiro no rosto e fugiram na caminhonete F-100. Ainda na casa, Bruno e Valdeci amarraram outros familiares que estavam no local.<\/p>\n<p style=\"text-align: justify;\">Em fuga com o ve\u00edculo roubado, Bruno e Valdeci perderam o controle da dire\u00e7\u00e3o e bateram em um Guard Rail. Um policial Rodovi\u00e1rio Federal passava pelo local e foi prestar socorro a dupla, que anunciou o assalto. O PRF conseguiu escapar dos dois, houve troca de tiros e os assaltantes fugiram novamente para uma mata. Ap\u00f3s o cerco feito por mais de 50 policiais, a dupla andou \u00e0s margens de um c\u00f3rrego por mais de 30 quil\u00f4metros, saindo pr\u00f3ximo a cidade de Juti.<\/p>\n<p style=\"text-align: justify;\">Deixando a mata, os dois renderam um caminhoneiro, ordenando para o mesmo seguir pela BR. Uma pessoa que passava pelo local viu o assaltou e acionou a PM do munic\u00edpio de Juti, que efetuou a pris\u00e3o dos dois assaltantes, que ainda tentaram fugir, sendo capturados em seguida.<\/p>\n<\/div>\n<div class=\"img_center component_image_42666\">\n<div class=\"image_box\" style=\"text-align: justify;\">\n<div class=\"\"><\/div>\n<figure style=\"width: 660px\" class=\"wp-caption alignnone\"><a class=\"ampliar_imagem\" href=\"http:\/\/www.douradosagora.com.br\/media\/images\/1706\/42666\/tmp\/wmX-773x580x4-5621132833f2ab5466a564eb2e3c6db06f80114e81897.jpg\"><img loading=\"lazy\" decoding=\"async\" src=\"http:\/\/www.douradosagora.com.br\/media\/images\/1706\/42666\/tmp\/660x495x4-5621132833f2ab5466a564eb2e3c6db06f80114e81897.jpg\" alt=\"\" width=\"660\" height=\"495\" \/><\/a><figcaption class=\"wp-caption-text\">Todas as for\u00e7as de seguran\u00e7a p\u00fablica de Dourados e tamb\u00e9m da regi\u00e3o participaram da ca\u00e7ada contra assaltantes Foto: Cido Costa<\/figcaption><\/figure>\n<p>Todas as for\u00e7as de seguran\u00e7a p\u00fablica de Dourados e tamb\u00e9m da regi\u00e3o participaram da ca\u00e7ada contra assaltantes<br \/>\nFoto: Cido Costa &#8211; douradosagora<\/p>\n<\/div>\n<\/div>\n","protected":false},"excerpt":{"rendered":"<p>Foram apresentados na manh\u00e3 de hoje (16) na sede do Delegacia Especializada de Repress\u00e3o aos Crimes de Fronteira (Defron) os cinco envolvidos na morte do caseiro Josias Leiva, de 34 anos, em um est\u00e2ncia em Dourados, morto a tiros na manh\u00e3 de quarta-feira (14). De acordo com o delegado respons\u00e1vel pelo caso, Matheus Zampieri, a [&hellip;]<\/p>\n","protected":false},"author":4,"featured_media":12940,"comment_status":"closed","ping_status":"closed","sticky":false,"template":"","format":"standard","meta":{"footnotes":""},"categories":[38],"tags":[],"class_list":["post-12939","post","type-post","status-publish","format-standard","has-post-thumbnail","hentry","category-policia"],"_links":{"self":[{"href":"https:\/\/www.ocorreionews.com.br\/acervo-correio\/index.php?rest_route=\/wp\/v2\/posts\/12939","targetHints":{"allow":["GET"]}}],"collection":[{"href":"https:\/\/www.ocorreionews.com.br\/acervo-correio\/index.php?rest_route=\/wp\/v2\/posts"}],"about":[{"href":"https:\/\/www.ocorreionews.com.br\/acervo-correio\/index.php?rest_route=\/wp\/v2\/types\/post"}],"author":[{"embeddable":true,"href":"https:\/\/www.ocorreionews.com.br\/acervo-correio\/index.php?rest_route=\/wp\/v2\/users\/4"}],"replies":[{"embeddable":true,"href":"https:\/\/www.ocorreionews.com.br\/acervo-correio\/index.php?rest_route=%2Fwp%2Fv2%2Fcomments&post=12939"}],"version-history":[{"count":0,"href":"https:\/\/www.ocorreionews.com.br\/acervo-correio\/index.php?rest_route=\/wp\/v2\/posts\/12939\/revisions"}],"wp:featuredmedia":[{"embeddable":true,"href":"https:\/\/www.ocorreionews.com.br\/acervo-correio\/index.php?rest_route=\/wp\/v2\/media\/12940"}],"wp:attachment":[{"href":"https:\/\/www.ocorreionews.com.br\/acervo-correio\/index.php?rest_route=%2Fwp%2Fv2%2Fmedia&parent=12939"}],"wp:term":[{"taxonomy":"category","embeddable":true,"href":"https:\/\/www.ocorreionews.com.br\/acervo-correio\/index.php?rest_route=%2Fwp%2Fv2%2Fcategories&post=12939"},{"taxonomy":"post_tag","embeddable":true,"href":"https:\/\/www.ocorreionews.com.br\/acervo-correio\/index.php?rest_route=%2Fwp%2Fv2%2Ftags&post=12939"}],"curies":[{"name":"wp","href":"https:\/\/api.w.org\/{rel}","templated":true}]}}