{"id":13034,"date":"2015-10-16T12:21:13","date_gmt":"2015-10-16T16:21:13","guid":{"rendered":"https:\/\/ocorreionews.com.br\/?p=13034"},"modified":"2015-10-19T12:24:47","modified_gmt":"2015-10-19T16:24:47","slug":"costa-rica-busca-parceria-do-governo-do-estado-para-sediar-a-final-da-copa-america-de-corrida-de-aventura","status":"publish","type":"post","link":"https:\/\/www.ocorreionews.com.br\/acervo-correio\/?p=13034","title":{"rendered":"Costa Rica busca parceria do Governo do Estado para sediar a final da Copa Am\u00e9rica de Corrida de Aventura"},"content":{"rendered":"<div class=\"marginBottom30px link-Internas\">\n<p>O prefeito Waldeli dos Santos Rosa e o guia tur\u00edstico Victor Renato participaram na manh\u00e3 de quinta-feira, 15 de outubro de 2015, de uma reuni\u00e3o com o presidente Fundtur\/MS &#8211; Funda\u00e7\u00e3o de Turismo de Mato Grosso do Sul, Nelson Cintra, o presidente da CBCA \u2013 Confedera\u00e7\u00e3o Brasileira de Corrida de Aventura, Mauricio Santi e com o diretor presidente da Fundesporte &#8211; Funda\u00e7\u00e3o de Desporto e Lazer de Mato Grosso do Sul \u2013 Prof.\u00a0 Me. Marcelo Miranda, oportunidade em que buscaram parceria do Governo do Estado para que a final da Copa Am\u00e9rica de Esporte de Aventura seja sediada em Costa Rica \u2013 MS.<\/p>\n<p>Na oportunidade, o presidente da CBCA apresentou os pr\u00e9-requisitos para a realiza\u00e7\u00e3o da competi\u00e7\u00e3o em Costa Rica. Segundo ele, j\u00e1 no m\u00eas de novembro deste ano a equipe t\u00e9cnica da confedera\u00e7\u00e3o estar\u00e1 visitando o Munic\u00edpio e tamb\u00e9m outras cidades que est\u00e3o disputando para ser sede da competi\u00e7\u00e3o. \u201cVamos conhecer a infraestrutura, estudar a log\u00edstica e tamb\u00e9m avaliar as poss\u00edveis rotas para montar o percurso\u201d.<\/p>\n<p>35 pa\u00edses participam da Copa Am\u00e9rica de Esporte de Aventura, sendo tr\u00eas da Am\u00e9rica do Norte, 12 da Am\u00e9rica do Sul e 20 da Am\u00e9rica Central. Para a realiza\u00e7\u00e3o do evento em Costa Rica ser\u00e1 necess\u00e1rio um investimento aproximado de R$ 235 mil, por isso, o prefeito acompanhado do presidente da C\u00e2mara, Jos\u00e9 Augusto Maia Vasconcellos e dos vereadores Lucas L\u00e1zaro Gerolomo, Rayner Moraes, e Ivanildo Ferrari \u2018Did\u00e3o\u2019, buscou uma parceria do Governo do Estado para que sinalizasse o apoio para a realiza\u00e7\u00e3o da competi\u00e7\u00e3o com pelo menos 50% do valor estimado.<\/p>\n<p>\u201cA reuni\u00e3o foi muito produtiva, agora temos que aguardar uma posi\u00e7\u00e3o dos \u00f3rg\u00e3os estaduais. O Estado sendo parceiro do Munic\u00edpio n\u00f3s oferecemos a contrapartida\u201d, garantiu o prefeito de Costa Rica.<\/p>\n<p>A data pr\u00e9via para a realiza\u00e7\u00e3o da competi\u00e7\u00e3o no Brasil \u00e9 21 de abril de 2016, seguindo por cerca de quatro dias de disputa. A Copa ter\u00e1 um percurso de 150 a 200 quil\u00f4metros com cinco modalidades de esportes, sendo: Orienta\u00e7\u00e3o; Canoagem (caiaque); Rapel; Mountain Bike e Trekking (caminhada em trilhas).<\/p>\n<p>\u201cEstamos passando por um momento dif\u00edcil no Pa\u00eds, mas Costa Rica est\u00e1 se sobressaindo, temos toda a infraestrutura para receber a competi\u00e7\u00e3o, como exemplo o Centro de Eventos Ramez Tebet que suporta mais de 10 mil pessoas tranquilo, al\u00e9m de estarmos bem estruturados no ramo de hotelaria, podendo ainda oferecer alojamento nas nossas escolas municipais que s\u00e3o todas climatizadas\u201d, argumentou Victor Renato.<\/p>\n<p>O guia complementa que Costa Rica tem potencial para oferecer um roteiro lindo de cachoeiras pelas nascentes do Rio Sucuri\u00fa, \u201ciniciando na Rapadura, sem falar nas Araras, Saltinho, o onipotente Salto Majestoso, contamos ainda com as trilhas nos C\u00e2nions e no PNE \u2013 Parque Nacional das Emas\u201d.<\/p>\n<p>Ainda conforme Victor Renato, ele e mais um grupo de amigos est\u00e3o h\u00e1 anos batalhando para alancar o turismo de Costa Rica pelo mundo a fora \u201cn\u00f3s vemos essa competi\u00e7\u00e3o como uma grande oportunidade de marketing para a nossa cidade, o Munic\u00edpio tem estrutura que comporta\u201d, defende o guia que elogia o comprometimento do prefeito Waldeli com o turismo regional.<\/p>\n<p>\u201cNesses quase 10 anos de governo do Waldeli, nosso turismo evoluiu muito. A disposi\u00e7\u00e3o do prefeito em buscar esse investimento para sediarmos a competi\u00e7\u00e3o, o esfor\u00e7o dele para trazer esse grande evento para a nossa cidade, essa vontade de fazer a coisa acontecer, de solicitar reuni\u00e3o com os \u00f3rg\u00e3os competentes do Estado isso me deixa muito orgulho, principalmente por poder participar e ser prova de que tudo que est\u00e1 ao nosso alcance est\u00e1 sendo feito para que consigamos ser sede da final da Copa Am\u00e9rica de Corrida de Aventura\u201d, finaliza Victor Renato.<\/p>\n<p><a href=\"https:\/\/ocorreionews.com.br\/wp-content\/uploads\/2015\/10\/Reuniao-Corrida-de-Aventura.jpg\"><img loading=\"lazy\" decoding=\"async\" class=\"alignnone size-full wp-image-12933\" src=\"https:\/\/ocorreionews.com.br\/wp-content\/uploads\/2015\/10\/Reuniao-Corrida-de-Aventura.jpg\" alt=\"Reuniao Corrida de Aventura\" width=\"800\" height=\"600\" srcset=\"https:\/\/www.ocorreionews.com.br\/acervo-correio\/wp-content\/uploads\/2015\/10\/Reuniao-Corrida-de-Aventura.jpg 800w, https:\/\/www.ocorreionews.com.br\/acervo-correio\/wp-content\/uploads\/2015\/10\/Reuniao-Corrida-de-Aventura-300x225.jpg 300w, https:\/\/www.ocorreionews.com.br\/acervo-correio\/wp-content\/uploads\/2015\/10\/Reuniao-Corrida-de-Aventura-100x75.jpg 100w\" sizes=\"auto, (max-width: 800px) 100vw, 800px\" \/><\/a><\/p>\n<\/div>\n<div class=\"marginBottom30px link-Internas\">ASSECOM\/PMCR<\/div>\n","protected":false},"excerpt":{"rendered":"<p>O prefeito Waldeli dos Santos Rosa e o guia tur\u00edstico Victor Renato participaram na manh\u00e3 de quinta-feira, 15 de outubro de 2015, de uma reuni\u00e3o com o presidente Fundtur\/MS &#8211; Funda\u00e7\u00e3o de Turismo de Mato Grosso do Sul, Nelson Cintra, o presidente da CBCA \u2013 Confedera\u00e7\u00e3o Brasileira de Corrida de Aventura, Mauricio Santi e com [&hellip;]<\/p>\n","protected":false},"author":4,"featured_media":13035,"comment_status":"closed","ping_status":"closed","sticky":false,"template":"","format":"standard","meta":{"footnotes":""},"categories":[25],"tags":[],"class_list":["post-13034","post","type-post","status-publish","format-standard","has-post-thumbnail","hentry","category-costa-rica"],"_links":{"self":[{"href":"https:\/\/www.ocorreionews.com.br\/acervo-correio\/index.php?rest_route=\/wp\/v2\/posts\/13034","targetHints":{"allow":["GET"]}}],"collection":[{"href":"https:\/\/www.ocorreionews.com.br\/acervo-correio\/index.php?rest_route=\/wp\/v2\/posts"}],"about":[{"href":"https:\/\/www.ocorreionews.com.br\/acervo-correio\/index.php?rest_route=\/wp\/v2\/types\/post"}],"author":[{"embeddable":true,"href":"https:\/\/www.ocorreionews.com.br\/acervo-correio\/index.php?rest_route=\/wp\/v2\/users\/4"}],"replies":[{"embeddable":true,"href":"https:\/\/www.ocorreionews.com.br\/acervo-correio\/index.php?rest_route=%2Fwp%2Fv2%2Fcomments&post=13034"}],"version-history":[{"count":0,"href":"https:\/\/www.ocorreionews.com.br\/acervo-correio\/index.php?rest_route=\/wp\/v2\/posts\/13034\/revisions"}],"wp:featuredmedia":[{"embeddable":true,"href":"https:\/\/www.ocorreionews.com.br\/acervo-correio\/index.php?rest_route=\/wp\/v2\/media\/13035"}],"wp:attachment":[{"href":"https:\/\/www.ocorreionews.com.br\/acervo-correio\/index.php?rest_route=%2Fwp%2Fv2%2Fmedia&parent=13034"}],"wp:term":[{"taxonomy":"category","embeddable":true,"href":"https:\/\/www.ocorreionews.com.br\/acervo-correio\/index.php?rest_route=%2Fwp%2Fv2%2Fcategories&post=13034"},{"taxonomy":"post_tag","embeddable":true,"href":"https:\/\/www.ocorreionews.com.br\/acervo-correio\/index.php?rest_route=%2Fwp%2Fv2%2Ftags&post=13034"}],"curies":[{"name":"wp","href":"https:\/\/api.w.org\/{rel}","templated":true}]}}