{"id":13164,"date":"2015-10-21T05:47:58","date_gmt":"2015-10-21T09:47:58","guid":{"rendered":"https:\/\/ocorreionews.com.br\/?p=13164"},"modified":"2015-10-21T05:47:58","modified_gmt":"2015-10-21T09:47:58","slug":"inscricoes-para-processo-seletivo-de-estagio-em-chapadao-do-sul","status":"publish","type":"post","link":"https:\/\/www.ocorreionews.com.br\/acervo-correio\/?p=13164","title":{"rendered":"Inscri\u00e7\u00f5es para processo seletivo de est\u00e1gio em Chapad\u00e3o do Sul"},"content":{"rendered":"<p align=\"justify\">Estar\u00e3o abertas de 21 de Outubro at\u00e9 10 de Novembro de 2015 as inscri\u00e7\u00f5es para o processo seletivo de estagi\u00e1rios em Administra\u00e7\u00e3o na Comarca de Chapad\u00e3o do Sul. Os interessados podem se inscrever se estiverem regularmente matriculados do 3\u00ba ao 9\u00ba semestre em institui\u00e7\u00f5es p\u00fablicas ou particulares, reconhecidas pelo MEC.<\/p>\n<p align=\"justify\">As inscri\u00e7\u00f5es podem ser realizadas na Secretaria do Foro da comarca, das 12 \u00e0s 19 horas, e as provas ser\u00e3o realizadas no dia 13 de Novembro, das 13:30 \u00e0s 15:30 horas, nas depend\u00eancias do F\u00f3rum, na Avenida Mato Grosso do Sul, 311, Parque Uni\u00e3o, em Chapad\u00e3o do Sul.<\/p>\n<p align=\"justify\">As provas ser\u00e3o compostas de 05 (cinco) quest\u00f5es de no\u00e7\u00f5es b\u00e1sicas de inform\u00e1tica e Reda\u00e7\u00e3o. A listagem com o nome e pontua\u00e7\u00e3o dos candidatos classificados ser\u00e1 afixada na entrada do pr\u00e9dio do F\u00f3rum a partir do dia 16 de novembro.<\/p>\n<p align=\"justify\">O candidato deve apresentar-se no local de prova com, no m\u00ednimo, 30 minutos de anteced\u00eancia ao hor\u00e1rio de in\u00edcio das provas, portando documento de identifica\u00e7\u00e3o com foto, comprovante de inscri\u00e7\u00e3o, l\u00e1pis, borracha e caneta esferogr\u00e1fica de cor azul ou preta, e n\u00e3o ter\u00e1 acesso ao local de provas se estiver trajando bermudas, chinelos ou bon\u00e9.<\/p>\n<p align=\"justify\">As vagas para exerc\u00edcio de est\u00e1gio ser\u00e3o preenchidas no interesse da administra\u00e7\u00e3o, observada a classifica\u00e7\u00e3o, pelo per\u00edodo de um ano. O exerc\u00edcio do est\u00e1gio ser\u00e1 de cinco horas di\u00e1rias, de segunda a sexta-feira, e o estagi\u00e1rio receber\u00e1 uma bolsa-aux\u00edlio mensal e aux\u00edlio-transporte, em valor estabelecido pela Administra\u00e7\u00e3o do Tribunal de Justi\u00e7a.<\/p>\n","protected":false},"excerpt":{"rendered":"<p>Estar\u00e3o abertas de 21 de Outubro at\u00e9 10 de Novembro de 2015 as inscri\u00e7\u00f5es para o processo seletivo de estagi\u00e1rios em Administra\u00e7\u00e3o na Comarca de Chapad\u00e3o do Sul. Os interessados podem se inscrever se estiverem regularmente matriculados do 3\u00ba ao 9\u00ba semestre em institui\u00e7\u00f5es p\u00fablicas ou particulares, reconhecidas pelo MEC. As inscri\u00e7\u00f5es podem ser realizadas [&hellip;]<\/p>\n","protected":false},"author":4,"featured_media":13165,"comment_status":"closed","ping_status":"closed","sticky":false,"template":"","format":"standard","meta":{"footnotes":""},"categories":[23],"tags":[],"class_list":["post-13164","post","type-post","status-publish","format-standard","has-post-thumbnail","hentry","category-chapadao-do-sul"],"_links":{"self":[{"href":"https:\/\/www.ocorreionews.com.br\/acervo-correio\/index.php?rest_route=\/wp\/v2\/posts\/13164","targetHints":{"allow":["GET"]}}],"collection":[{"href":"https:\/\/www.ocorreionews.com.br\/acervo-correio\/index.php?rest_route=\/wp\/v2\/posts"}],"about":[{"href":"https:\/\/www.ocorreionews.com.br\/acervo-correio\/index.php?rest_route=\/wp\/v2\/types\/post"}],"author":[{"embeddable":true,"href":"https:\/\/www.ocorreionews.com.br\/acervo-correio\/index.php?rest_route=\/wp\/v2\/users\/4"}],"replies":[{"embeddable":true,"href":"https:\/\/www.ocorreionews.com.br\/acervo-correio\/index.php?rest_route=%2Fwp%2Fv2%2Fcomments&post=13164"}],"version-history":[{"count":0,"href":"https:\/\/www.ocorreionews.com.br\/acervo-correio\/index.php?rest_route=\/wp\/v2\/posts\/13164\/revisions"}],"wp:featuredmedia":[{"embeddable":true,"href":"https:\/\/www.ocorreionews.com.br\/acervo-correio\/index.php?rest_route=\/wp\/v2\/media\/13165"}],"wp:attachment":[{"href":"https:\/\/www.ocorreionews.com.br\/acervo-correio\/index.php?rest_route=%2Fwp%2Fv2%2Fmedia&parent=13164"}],"wp:term":[{"taxonomy":"category","embeddable":true,"href":"https:\/\/www.ocorreionews.com.br\/acervo-correio\/index.php?rest_route=%2Fwp%2Fv2%2Fcategories&post=13164"},{"taxonomy":"post_tag","embeddable":true,"href":"https:\/\/www.ocorreionews.com.br\/acervo-correio\/index.php?rest_route=%2Fwp%2Fv2%2Ftags&post=13164"}],"curies":[{"name":"wp","href":"https:\/\/api.w.org\/{rel}","templated":true}]}}