{"id":13167,"date":"2015-10-21T05:58:28","date_gmt":"2015-10-21T09:58:28","guid":{"rendered":"https:\/\/ocorreionews.com.br\/?p=13167"},"modified":"2015-10-21T05:58:28","modified_gmt":"2015-10-21T09:58:28","slug":"administracao-municipal-fara-doacao-de-feijao-para-familias-cadastradas-em-programas-sociais","status":"publish","type":"post","link":"https:\/\/www.ocorreionews.com.br\/acervo-correio\/?p=13167","title":{"rendered":"Administra\u00e7\u00e3o Municipal far\u00e1 doa\u00e7\u00e3o de feij\u00e3o para fam\u00edlias cadastradas em programas sociais"},"content":{"rendered":"<p>A Prefeitura Municipal de Para\u00edso das \u00c1guas, atrav\u00e9s do CRAS (Centro de Refer\u00eancia em Assist\u00eancia Social) recebeu 3,5 toneladas de feij\u00e3o, uma parceria entre a administra\u00e7\u00e3o municipal e a CONAB (Companhia Nacional de Abastecimento).<\/p>\n<p>A doa\u00e7\u00e3o vai beneficiar a educa\u00e7\u00e3o com 1.850 quilos de feij\u00e3o que ser\u00e3o distribu\u00eddos para a merenda nas escolas municipais, 50 quilos do alimento ser\u00e1 destinado para o Servi\u00e7o de Conviv\u00eancia e Fortalecimento de V\u00ednculos, \u00a0e o restante, 1.650 quilos do gr\u00e3o ser\u00e1 distribu\u00eddo para as fam\u00edlias cadastradas no programa Bolsa Fam\u00edlia, Vale Renda \u00a0e tamb\u00e9m para as fam\u00edlias atendidas pelo CRAS.<\/p>\n<p>Informa\u00e7\u00f5es podem ser obtidas atrav\u00e9s do telefone: 32481923.<\/p>\n<p>&nbsp;<\/p>\n<p>ASSECOM- Prefeitura Municipal de Para\u00edso das \u00c1guas- MS<\/p>\n<p>&nbsp;<\/p>\n<p>&nbsp;<\/p>\n<p>Texto: Daniela Loss\u00e1vero<\/p>\n","protected":false},"excerpt":{"rendered":"<p>A Prefeitura Municipal de Para\u00edso das \u00c1guas, atrav\u00e9s do CRAS (Centro de Refer\u00eancia em Assist\u00eancia Social) recebeu 3,5 toneladas de feij\u00e3o, uma parceria entre a administra\u00e7\u00e3o municipal e a CONAB (Companhia Nacional de Abastecimento). A doa\u00e7\u00e3o vai beneficiar a educa\u00e7\u00e3o com 1.850 quilos de feij\u00e3o que ser\u00e3o distribu\u00eddos para a merenda nas escolas municipais, 50 [&hellip;]<\/p>\n","protected":false},"author":4,"featured_media":11861,"comment_status":"closed","ping_status":"closed","sticky":false,"template":"","format":"standard","meta":{"footnotes":""},"categories":[36],"tags":[],"class_list":["post-13167","post","type-post","status-publish","format-standard","has-post-thumbnail","hentry","category-paraiso-das-aguas"],"_links":{"self":[{"href":"https:\/\/www.ocorreionews.com.br\/acervo-correio\/index.php?rest_route=\/wp\/v2\/posts\/13167","targetHints":{"allow":["GET"]}}],"collection":[{"href":"https:\/\/www.ocorreionews.com.br\/acervo-correio\/index.php?rest_route=\/wp\/v2\/posts"}],"about":[{"href":"https:\/\/www.ocorreionews.com.br\/acervo-correio\/index.php?rest_route=\/wp\/v2\/types\/post"}],"author":[{"embeddable":true,"href":"https:\/\/www.ocorreionews.com.br\/acervo-correio\/index.php?rest_route=\/wp\/v2\/users\/4"}],"replies":[{"embeddable":true,"href":"https:\/\/www.ocorreionews.com.br\/acervo-correio\/index.php?rest_route=%2Fwp%2Fv2%2Fcomments&post=13167"}],"version-history":[{"count":0,"href":"https:\/\/www.ocorreionews.com.br\/acervo-correio\/index.php?rest_route=\/wp\/v2\/posts\/13167\/revisions"}],"wp:featuredmedia":[{"embeddable":true,"href":"https:\/\/www.ocorreionews.com.br\/acervo-correio\/index.php?rest_route=\/wp\/v2\/media\/11861"}],"wp:attachment":[{"href":"https:\/\/www.ocorreionews.com.br\/acervo-correio\/index.php?rest_route=%2Fwp%2Fv2%2Fmedia&parent=13167"}],"wp:term":[{"taxonomy":"category","embeddable":true,"href":"https:\/\/www.ocorreionews.com.br\/acervo-correio\/index.php?rest_route=%2Fwp%2Fv2%2Fcategories&post=13167"},{"taxonomy":"post_tag","embeddable":true,"href":"https:\/\/www.ocorreionews.com.br\/acervo-correio\/index.php?rest_route=%2Fwp%2Fv2%2Ftags&post=13167"}],"curies":[{"name":"wp","href":"https:\/\/api.w.org\/{rel}","templated":true}]}}