{"id":13179,"date":"2015-10-21T08:23:49","date_gmt":"2015-10-21T12:23:49","guid":{"rendered":"https:\/\/ocorreionews.com.br\/?p=13179"},"modified":"2015-10-21T08:23:49","modified_gmt":"2015-10-21T12:23:49","slug":"pai-e-filho-ficam-presos-as-ferragens-em-acidente-na-br-163","status":"publish","type":"post","link":"https:\/\/www.ocorreionews.com.br\/acervo-correio\/?p=13179","title":{"rendered":"Pai e filho ficam presos \u00e0s ferragens em acidente na BR 163"},"content":{"rendered":"<p>Pai e filho, identificados como Sidnei Pereira Pardim, de 58 anos, e Sidnei Pereira Pardim Junior, 36, respectivamente, ficaram presos \u00e0s ferragens e tiveram que ser socorridos depois de acidente que destruiu a carreta em que estavam. O fato ocorreu por volta das 5h30min desta quarta-feira (21), no quil\u00f4metro 740 da BR-163, em Coxim. O estado de sa\u00fade deles seria grave.<\/p>\n<p>Segundo informa\u00e7\u00f5es apuradas no local pelo site de not\u00edcias Coxim Agora, a carreta Scania, com placas de Santo Anast\u00e1cio (SP), estava carregada com produtos de limpeza. O motorista teria sido fechado por outro ve\u00edculo e acabou tirando para o acostamento. No entanto, ao tentar retornar, perdeu o controle da dire\u00e7\u00e3o, caiu em um barranco e capotou \u00e0 margem da rodovia.<\/p>\n<p>As v\u00edtimas ficaram presas \u00e0s ferragens e foram resgatadas por equipe do Servi\u00e7o de Atendimento ao Usu\u00e1rio (SAU) da CCRMS Via. Pai e filho foram encaminhados ao Pronto Socorro do Hospital Regional Dr. \u00c1lvaro Fontoura Silva, em Coxim, em estado grave.<\/p>\n<p>Toda a carga que era transportada na carreta, sendo grande quantidade de sab\u00e3o em p\u00f3, sab\u00e3o em barra e esponjas de a\u00e7o, ficaram espalhadas na vegeta\u00e7\u00e3o.<\/p>\n<p>Equipe da Pol\u00edcia Rodovi\u00e1ria Federal (PRF) esteve no local organizando o tr\u00e2nsito, que j\u00e1 est\u00e1 normalizado nesta manh\u00e3.<\/p>\n<p>&nbsp;<\/p>\n<p>&nbsp;<\/p>\n<p>Correio do Estado &#8211; Foto Coxim Agora<\/p>\n","protected":false},"excerpt":{"rendered":"<p>Pai e filho, identificados como Sidnei Pereira Pardim, de 58 anos, e Sidnei Pereira Pardim Junior, 36, respectivamente, ficaram presos \u00e0s ferragens e tiveram que ser socorridos depois de acidente que destruiu a carreta em que estavam. O fato ocorreu por volta das 5h30min desta quarta-feira (21), no quil\u00f4metro 740 da BR-163, em Coxim. O [&hellip;]<\/p>\n","protected":false},"author":4,"featured_media":13180,"comment_status":"closed","ping_status":"closed","sticky":false,"template":"","format":"standard","meta":{"footnotes":""},"categories":[38],"tags":[],"class_list":["post-13179","post","type-post","status-publish","format-standard","has-post-thumbnail","hentry","category-policia"],"_links":{"self":[{"href":"https:\/\/www.ocorreionews.com.br\/acervo-correio\/index.php?rest_route=\/wp\/v2\/posts\/13179","targetHints":{"allow":["GET"]}}],"collection":[{"href":"https:\/\/www.ocorreionews.com.br\/acervo-correio\/index.php?rest_route=\/wp\/v2\/posts"}],"about":[{"href":"https:\/\/www.ocorreionews.com.br\/acervo-correio\/index.php?rest_route=\/wp\/v2\/types\/post"}],"author":[{"embeddable":true,"href":"https:\/\/www.ocorreionews.com.br\/acervo-correio\/index.php?rest_route=\/wp\/v2\/users\/4"}],"replies":[{"embeddable":true,"href":"https:\/\/www.ocorreionews.com.br\/acervo-correio\/index.php?rest_route=%2Fwp%2Fv2%2Fcomments&post=13179"}],"version-history":[{"count":0,"href":"https:\/\/www.ocorreionews.com.br\/acervo-correio\/index.php?rest_route=\/wp\/v2\/posts\/13179\/revisions"}],"wp:featuredmedia":[{"embeddable":true,"href":"https:\/\/www.ocorreionews.com.br\/acervo-correio\/index.php?rest_route=\/wp\/v2\/media\/13180"}],"wp:attachment":[{"href":"https:\/\/www.ocorreionews.com.br\/acervo-correio\/index.php?rest_route=%2Fwp%2Fv2%2Fmedia&parent=13179"}],"wp:term":[{"taxonomy":"category","embeddable":true,"href":"https:\/\/www.ocorreionews.com.br\/acervo-correio\/index.php?rest_route=%2Fwp%2Fv2%2Fcategories&post=13179"},{"taxonomy":"post_tag","embeddable":true,"href":"https:\/\/www.ocorreionews.com.br\/acervo-correio\/index.php?rest_route=%2Fwp%2Fv2%2Ftags&post=13179"}],"curies":[{"name":"wp","href":"https:\/\/api.w.org\/{rel}","templated":true}]}}