{"id":13185,"date":"2015-10-21T08:41:39","date_gmt":"2015-10-21T12:41:39","guid":{"rendered":"https:\/\/ocorreionews.com.br\/?p=13185"},"modified":"2015-10-21T08:41:39","modified_gmt":"2015-10-21T12:41:39","slug":"prova-brasil-sera-aplicada-em-chapadao-do-sul-entre-03-a-13-de-novembro","status":"publish","type":"post","link":"https:\/\/www.ocorreionews.com.br\/acervo-correio\/?p=13185","title":{"rendered":"Prova Brasil ser\u00e1 aplicada em Chapad\u00e3o do Sul entre 03 a 13 de novembro"},"content":{"rendered":"<p>A Secretaria de Educa\u00e7\u00e3o de Chapad\u00e3o do Sul confirmou que a Prova Brasil 2015 ser\u00e1 aplicada nas escolas do munic\u00edpio entre os dias 03 a 13 de novembro.<\/p>\n<p>A Prova Brasil analisa o conhecimento dos alunos e tamb\u00e9m ajuda a avaliar a escola e a qualidade da educa\u00e7\u00e3o do munic\u00edpio. Vale ressaltar que a educa\u00e7\u00e3o n\u00e3o \u00e9 tarefa apenas do professor, todos podem ajudar. Afinal, quando a educa\u00e7\u00e3o melhorar, a economia, a sa\u00fade, a seguran\u00e7a e a qualidade de vida tamb\u00e9m melhoram.<\/p>\n<p><strong>Como funciona a avalia\u00e7\u00e3o: <\/strong><\/p>\n<p>A Prova Brasil acontece de dois em dois anos, e os estudantes respondem \u00e0s quest\u00f5es de L\u00edngua Portuguesa e Matem\u00e1tica. Al\u00e9m disso, por meio de um question\u00e1rio, os estudantes tamb\u00e9m fornecem dados sobre temas espec\u00edficos que podem estar relacionados ao desempenho escolar.<\/p>\n<p>A L\u00edngua Portuguesa tem foco na leitura e a prova de matem\u00e1tica tem foco em resolu\u00e7\u00e3o de problemas.<\/p>\n<p>Os resultados ser\u00e3o avaliados pelos professores, diretores e gestores escolares para identificar dificuldades e melhorar a qualidade do ensino.<\/p>\n<p>Com os resultados da Prova Brasil \u00e9 poss\u00edvel definir a\u00e7\u00f5es para melhorar a qualidade da educa\u00e7\u00e3o; corrigir problemas no ensino, direcionando os recursos para as \u00e1reas que mais precisam e acompanhar a evolu\u00e7\u00e3o do desempenho das escolas, das redes e do sistema de ensino nacional.<\/p>\n<p>Prova Brasil 2015. Incentive seu filho a participar.<\/p>\n","protected":false},"excerpt":{"rendered":"<p>A Secretaria de Educa\u00e7\u00e3o de Chapad\u00e3o do Sul confirmou que a Prova Brasil 2015 ser\u00e1 aplicada nas escolas do munic\u00edpio entre os dias 03 a 13 de novembro. A Prova Brasil analisa o conhecimento dos alunos e tamb\u00e9m ajuda a avaliar a escola e a qualidade da educa\u00e7\u00e3o do munic\u00edpio. Vale ressaltar que a educa\u00e7\u00e3o [&hellip;]<\/p>\n","protected":false},"author":4,"featured_media":13186,"comment_status":"closed","ping_status":"closed","sticky":false,"template":"","format":"standard","meta":{"footnotes":""},"categories":[23],"tags":[],"class_list":["post-13185","post","type-post","status-publish","format-standard","has-post-thumbnail","hentry","category-chapadao-do-sul"],"_links":{"self":[{"href":"https:\/\/www.ocorreionews.com.br\/acervo-correio\/index.php?rest_route=\/wp\/v2\/posts\/13185","targetHints":{"allow":["GET"]}}],"collection":[{"href":"https:\/\/www.ocorreionews.com.br\/acervo-correio\/index.php?rest_route=\/wp\/v2\/posts"}],"about":[{"href":"https:\/\/www.ocorreionews.com.br\/acervo-correio\/index.php?rest_route=\/wp\/v2\/types\/post"}],"author":[{"embeddable":true,"href":"https:\/\/www.ocorreionews.com.br\/acervo-correio\/index.php?rest_route=\/wp\/v2\/users\/4"}],"replies":[{"embeddable":true,"href":"https:\/\/www.ocorreionews.com.br\/acervo-correio\/index.php?rest_route=%2Fwp%2Fv2%2Fcomments&post=13185"}],"version-history":[{"count":0,"href":"https:\/\/www.ocorreionews.com.br\/acervo-correio\/index.php?rest_route=\/wp\/v2\/posts\/13185\/revisions"}],"wp:featuredmedia":[{"embeddable":true,"href":"https:\/\/www.ocorreionews.com.br\/acervo-correio\/index.php?rest_route=\/wp\/v2\/media\/13186"}],"wp:attachment":[{"href":"https:\/\/www.ocorreionews.com.br\/acervo-correio\/index.php?rest_route=%2Fwp%2Fv2%2Fmedia&parent=13185"}],"wp:term":[{"taxonomy":"category","embeddable":true,"href":"https:\/\/www.ocorreionews.com.br\/acervo-correio\/index.php?rest_route=%2Fwp%2Fv2%2Fcategories&post=13185"},{"taxonomy":"post_tag","embeddable":true,"href":"https:\/\/www.ocorreionews.com.br\/acervo-correio\/index.php?rest_route=%2Fwp%2Fv2%2Ftags&post=13185"}],"curies":[{"name":"wp","href":"https:\/\/api.w.org\/{rel}","templated":true}]}}