{"id":13212,"date":"2015-10-21T12:08:16","date_gmt":"2015-10-21T16:08:16","guid":{"rendered":"https:\/\/ocorreionews.com.br\/?p=13212"},"modified":"2015-10-21T12:10:00","modified_gmt":"2015-10-21T16:10:00","slug":"banco-destravado-faz-aviao-cair-depois-de-decolagem","status":"publish","type":"post","link":"https:\/\/www.ocorreionews.com.br\/acervo-correio\/?p=13212","title":{"rendered":"Piloto n\u00e3o trava banco antes de decolagem e avi\u00e3o faz pouso for\u00e7ado"},"content":{"rendered":"<p>Um avi\u00e3o de pequeno porte caiu na cidade de Jardim, a 233 quil\u00f4metros de Campo Grande, na manh\u00e3 desta quarta-feira (21). Segundo o Corpo de Bombeiros, estava a bordo somente o piloto, identificado como F\u00e1bio Adriano, que tentou decolar de Jardim.<\/p>\n<p>Segundo informa\u00e7\u00f5es dadas pelo piloto aos bombeiros, ele esqueceu de travar o banco antes da decolagem, por isso, durante o procedimento de subida, o banco foi para tr\u00e1s, for\u00e7ando-o a puxar o manche para si na tentativa de voltar o banco para frente.\u00a0O movimento brusco causou, ent\u00e3o, o acidente.<\/p>\n<p>O Corpo de Bombeiros foi acionado por volta de 10h30. F\u00e1bio estava consciente e orientado, e sofreu apenas escoria\u00e7\u00f5es na cabe\u00e7a. Ele foi encaminhado ao hospital da cidade e passa bem.<\/p>\n<h5>Liana Feitosa campograndenews<\/h5>\n","protected":false},"excerpt":{"rendered":"<p>Um avi\u00e3o de pequeno porte caiu na cidade de Jardim, a 233 quil\u00f4metros de Campo Grande, na manh\u00e3 desta quarta-feira (21). Segundo o Corpo de Bombeiros, estava a bordo somente o piloto, identificado como F\u00e1bio Adriano, que tentou decolar de Jardim. Segundo informa\u00e7\u00f5es dadas pelo piloto aos bombeiros, ele esqueceu de travar o banco antes [&hellip;]<\/p>\n","protected":false},"author":4,"featured_media":13213,"comment_status":"closed","ping_status":"closed","sticky":false,"template":"","format":"standard","meta":{"footnotes":""},"categories":[31,38],"tags":[],"class_list":["post-13212","post","type-post","status-publish","format-standard","has-post-thumbnail","hentry","category-geral","category-policia"],"_links":{"self":[{"href":"https:\/\/www.ocorreionews.com.br\/acervo-correio\/index.php?rest_route=\/wp\/v2\/posts\/13212","targetHints":{"allow":["GET"]}}],"collection":[{"href":"https:\/\/www.ocorreionews.com.br\/acervo-correio\/index.php?rest_route=\/wp\/v2\/posts"}],"about":[{"href":"https:\/\/www.ocorreionews.com.br\/acervo-correio\/index.php?rest_route=\/wp\/v2\/types\/post"}],"author":[{"embeddable":true,"href":"https:\/\/www.ocorreionews.com.br\/acervo-correio\/index.php?rest_route=\/wp\/v2\/users\/4"}],"replies":[{"embeddable":true,"href":"https:\/\/www.ocorreionews.com.br\/acervo-correio\/index.php?rest_route=%2Fwp%2Fv2%2Fcomments&post=13212"}],"version-history":[{"count":0,"href":"https:\/\/www.ocorreionews.com.br\/acervo-correio\/index.php?rest_route=\/wp\/v2\/posts\/13212\/revisions"}],"wp:featuredmedia":[{"embeddable":true,"href":"https:\/\/www.ocorreionews.com.br\/acervo-correio\/index.php?rest_route=\/wp\/v2\/media\/13213"}],"wp:attachment":[{"href":"https:\/\/www.ocorreionews.com.br\/acervo-correio\/index.php?rest_route=%2Fwp%2Fv2%2Fmedia&parent=13212"}],"wp:term":[{"taxonomy":"category","embeddable":true,"href":"https:\/\/www.ocorreionews.com.br\/acervo-correio\/index.php?rest_route=%2Fwp%2Fv2%2Fcategories&post=13212"},{"taxonomy":"post_tag","embeddable":true,"href":"https:\/\/www.ocorreionews.com.br\/acervo-correio\/index.php?rest_route=%2Fwp%2Fv2%2Ftags&post=13212"}],"curies":[{"name":"wp","href":"https:\/\/api.w.org\/{rel}","templated":true}]}}