{"id":13220,"date":"2015-10-21T15:04:59","date_gmt":"2015-10-21T19:04:59","guid":{"rendered":"https:\/\/ocorreionews.com.br\/?p=13220"},"modified":"2015-10-21T15:07:31","modified_gmt":"2015-10-21T19:07:31","slug":"crianca-de-6-anos-desparece-apos-ser-retirada-de-onibus-escolar-por-desconhecido","status":"publish","type":"post","link":"https:\/\/www.ocorreionews.com.br\/acervo-correio\/?p=13220","title":{"rendered":"Crian\u00e7a de 6 anos desparece ap\u00f3s ser retirada de \u00f4nibus escolar por desconhecido"},"content":{"rendered":"<p>A estudante Ana Clara Avan\u00e7o de Ara\u00fajo, de 6 anos, est\u00e1 desaparecida desde as 11h30 desta quarta-feira (21), quando foi retirada do \u00f4nibus escolar em que voltava para casa por um homem desconhecido, no Assentamento Vale do Taquari, em Coxim.<\/p>\n<p>A m\u00e3e da menina, Claudia Bet\u00e2nia Batista Avan\u00e7o, de 29 anos, contou que estranhou quando a filha n\u00e3o chegou em casa ap\u00f3s a escola e decidiu procurar os colegas que costumam pegar o \u00f4nibus com ela.<\/p>\n<p>Um dos estudantes contou que na Rua 4, cerca de quatro quadras antes da casa da garota, uma homem moreno, de estatura baixa, usando macac\u00e3o alaranjado, que conduzia uma moto vermelha, interceptou o \u00f4nibus, chamou Ana Clara pelo nome e disse que a m\u00e3e havia dito para ela ir com ele, pois a mesma a aguardava em Coxim.<\/p>\n<p>A menina seguiu a orienta\u00e7\u00e3o, foi com o desconhecido e at\u00e9 agora n\u00e3o foi mais encontrada. Claudia procurou a Delegacia de Pol\u00edcia Civil e registrou o desaparecimento da filha.<\/p>\n<p>Segundo ela, a menina est\u00e1 usando uma camiseta de uniforme da Escola Municipal Willian Tavares, um short roxo e um chinelo rosa com cinza. Ela explicou que ainda n\u00e3o conseguiu entrar em contato com o pai de Ana Clara, mas que a descri\u00e7\u00e3o do motociclista n\u00e3o confere com a dele. Em prantos, a m\u00e3e mostrou uma camiseta id\u00eantica a que a filha est\u00e1 usando.<\/p>\n<p>Ela faz um apelo de que se algu\u00e9m viu Ana Clara que entre em contato atrav\u00e9s dos telefones (67) 9649-1340; (67) 9622-7132 ou com as Pol\u00edcias Civil e Militar atrav\u00e9s do (67) 3291-1463 e 190.<\/p>\n<div class=\"imagem_noticia center img640_480\">\n<p><a href=\"http:\/\/edicaoms.com.br\/uploads\/images\/noticias\/3b5f9d2c537ab482c26615c2d772befd.jpg\" data-lightbox=\"example-2\" data-title=\"Em prantos, a m\u00e3e mostrou uma camiseta id\u00eantica a que a filha est\u00e1 usando. (Foto: Angela Bezerra)\"><img decoding=\"async\" title=\"\" src=\"http:\/\/edicaoms.com.br\/uploads\/images\/noticias\/3b5f9d2c537ab482c26615c2d772befd.jpg\" alt=\"\" \/><\/a><\/p>\n<div class=\"foto_legenda\">Em prantos, a m\u00e3e mostrou uma camiseta id\u00eantica a que a filha est\u00e1 usando. (Foto: Angela Bezerra)<\/div>\n<\/div>\n<div class=\"foto_legenda\"><\/div>\n<div class=\"foto_legenda\"><\/div>\n<div class=\"foto_legenda\"><\/div>\n<div class=\"foto_legenda\">Edi\u00e7\u00e3o de Noticias<\/div>\n","protected":false},"excerpt":{"rendered":"<p>A estudante Ana Clara Avan\u00e7o de Ara\u00fajo, de 6 anos, est\u00e1 desaparecida desde as 11h30 desta quarta-feira (21), quando foi retirada do \u00f4nibus escolar em que voltava para casa por um homem desconhecido, no Assentamento Vale do Taquari, em Coxim. A m\u00e3e da menina, Claudia Bet\u00e2nia Batista Avan\u00e7o, de 29 anos, contou que estranhou quando [&hellip;]<\/p>\n","protected":false},"author":4,"featured_media":13221,"comment_status":"closed","ping_status":"closed","sticky":false,"template":"","format":"standard","meta":{"footnotes":""},"categories":[38],"tags":[],"class_list":["post-13220","post","type-post","status-publish","format-standard","has-post-thumbnail","hentry","category-policia"],"_links":{"self":[{"href":"https:\/\/www.ocorreionews.com.br\/acervo-correio\/index.php?rest_route=\/wp\/v2\/posts\/13220","targetHints":{"allow":["GET"]}}],"collection":[{"href":"https:\/\/www.ocorreionews.com.br\/acervo-correio\/index.php?rest_route=\/wp\/v2\/posts"}],"about":[{"href":"https:\/\/www.ocorreionews.com.br\/acervo-correio\/index.php?rest_route=\/wp\/v2\/types\/post"}],"author":[{"embeddable":true,"href":"https:\/\/www.ocorreionews.com.br\/acervo-correio\/index.php?rest_route=\/wp\/v2\/users\/4"}],"replies":[{"embeddable":true,"href":"https:\/\/www.ocorreionews.com.br\/acervo-correio\/index.php?rest_route=%2Fwp%2Fv2%2Fcomments&post=13220"}],"version-history":[{"count":0,"href":"https:\/\/www.ocorreionews.com.br\/acervo-correio\/index.php?rest_route=\/wp\/v2\/posts\/13220\/revisions"}],"wp:featuredmedia":[{"embeddable":true,"href":"https:\/\/www.ocorreionews.com.br\/acervo-correio\/index.php?rest_route=\/wp\/v2\/media\/13221"}],"wp:attachment":[{"href":"https:\/\/www.ocorreionews.com.br\/acervo-correio\/index.php?rest_route=%2Fwp%2Fv2%2Fmedia&parent=13220"}],"wp:term":[{"taxonomy":"category","embeddable":true,"href":"https:\/\/www.ocorreionews.com.br\/acervo-correio\/index.php?rest_route=%2Fwp%2Fv2%2Fcategories&post=13220"},{"taxonomy":"post_tag","embeddable":true,"href":"https:\/\/www.ocorreionews.com.br\/acervo-correio\/index.php?rest_route=%2Fwp%2Fv2%2Ftags&post=13220"}],"curies":[{"name":"wp","href":"https:\/\/api.w.org\/{rel}","templated":true}]}}