{"id":13228,"date":"2015-10-22T06:06:29","date_gmt":"2015-10-22T10:06:29","guid":{"rendered":"https:\/\/ocorreionews.com.br\/?p=13228"},"modified":"2015-10-25T18:26:04","modified_gmt":"2015-10-25T21:26:04","slug":"saae-recomeca-obra-de-construcao-de-reservatorio-de-agua-com-capacidade-para-545m%c2%b3-2","status":"publish","type":"post","link":"https:\/\/www.ocorreionews.com.br\/acervo-correio\/?p=13228","title":{"rendered":"SAAE recome\u00e7a obra de constru\u00e7\u00e3o de reservat\u00f3rio de \u00e1gua com capacidade para 545M\u00b3"},"content":{"rendered":"<div class=\"marginBottom30px link-Internas\">\n<p>Na \u00faltima ter\u00e7a-feira, 20 de outubro, foi publicado na Edi\u00e7\u00e3o N\u00ba 1.538\/Ano X \u2013 do DIOCRI &#8211; Di\u00e1rio Oficial do Munic\u00edpio de Costa Rica &#8211; na P\u00e1gina 35, a<a href=\"http:\/\/costarica.ms.gov.br\/up\/DiarioOficial\/2015_10_20\/DiarioOficial-1445361544_15808.pdf\"><strong> Portaria N\u00ba 81\/2015,<\/strong><\/a> que autoriza o reinicio da constru\u00e7\u00e3o do cilindro de armazenamento de \u00e1gua da obra de constru\u00e7\u00e3o da Caixa D ?\u00c1gua de 545 m\u00b3 &#8211; localizada na Rua Marechal Floriano Peixoto, Vila Alvorada, em frente \u00e0 rotat\u00f3ria, de acordo com o Edital de Licita\u00e7\u00e3o n\u00ba 01\/\/2015.<\/p>\n<p>Na semana passada, o SAAE \u2013 Servi\u00e7o Municipal de \u00c1gua e Esgoto \u2013 teve que suspender o andamento da obra depois que recebeu den\u00fancia de um empres\u00e1rio da cidade. \u201cAp\u00f3s recebermos a denuncia, suspendemos o andamento da obra e solicitamos parecer t\u00e9cnico do Fiscal de Obras, o secret\u00e1rio de Transportes, Urbaniza\u00e7\u00e3o e Obras P\u00fablicas, engenheiro Civil Renato Barbosa de Melo\u201d, contou o diretor da autarquia Ant\u00f4nio Divino F\u00e9lix \u2018Tonin F\u00e9lix\u2019.<\/p>\n<p>No \u00faltimo dia 14 de outubro, foi realizada uma reuni\u00e3o de explana\u00e7\u00e3o, explica\u00e7\u00e3o e apresenta\u00e7\u00e3o do Projeto Mec\u00e2nico que contou com a presen\u00e7a do empres\u00e1rio denunciante, do representante da empresa denunciada ESG Engenharia Projetos e Constru\u00e7\u00f5es EIRELI, do diretor do SAAE, Ant\u00f4nio Divino F\u00e9lix \u2018Tonin F\u00e9lix\u2019 e do vice-prefeito e secret\u00e1rio de Governo, Roberto Rodrigues, oportunidade em que todos debateram o assunto em quest\u00e3o e institu\u00edram a Portaria de 78\/2015 que tratou de uma s\u00e9rie de provid\u00eancias a serem tomadas.<\/p>\n<p>De acordo com o Laudo Circunstanciado N\u00b0. 22\/2015, assinado pelo engenheiro Renato Barbosa, conforme vistoria realizada in-loco no \u00faltimo dia 16 de outubro, constatou-se que os tr\u00eas \u00faltimos an\u00e9is superiores, n\u00e3o estavam de acordo com o especificado no memorial descritivo do referido processo. Diante disso, foi solicitado \u00e0 empresa respons\u00e1vel pela obra a substitui\u00e7\u00e3o imediata dos \u00faltimos tr\u00eas an\u00e9is para espessura correta de 4.75 mm (quatro ponto setenta e cinco mil\u00edmetro) conforme memorial descritivo do referido processo.<\/p>\n<p>O empres\u00e1rio tamb\u00e9m denunciou a forma do jateamento, mas o engenheiro Renato Barbosa descreve no laudo que tal procedimento foi substitu\u00eddo por tratamento qu\u00edmico. \u201cAinda quanto ao jateamento veiculado na denuncia \u00e9 m\u00e9todo j\u00e1 superado e est\u00e1 proibido pelo processo que utilize areia seca e \u00famida, conforme o Art. 7\u00ba da Portaria N\u00ba, 99\/2004, de 19 de outubro de 2004. Estamos utilizando um preparador de superf\u00edcies que limpa e ativa superf\u00edcies para oxida\u00e7\u00e3o preta a frio com Oxi Black, tornando desnecess\u00e1rio o jateamento ou o lixamento da superf\u00edcie para remo\u00e7\u00e3o da ferrugem, conforme preconiza a Portaria MTE 99\/2004 de 19 de outubro de 2004\u201d, relatou.<\/p>\n<p>Segundo o diretor do SAAE, quanto aos demais servi\u00e7os que est\u00e3o sendo executados encontram-se dentro das especifica\u00e7\u00f5es t\u00e9cnicas previstas no edital e projeto b\u00e1sico. \u2018Tonin F\u00e9lix\u2019 finaliza agradecendo a den\u00fancia feita pelo empres\u00e1rio do ramo de constru\u00e7\u00e3o de caixas de \u00e1gua. \u201cN\u00e3o somos conhecedores de espessura de chapa empregada no reservat\u00f3rio e se n\u00e3o fosse o Coc\u00f3, talvez n\u00e3o conseguir\u00edamos ter detectado e corrigido o problema. Muito obrigado mesmo\u201d.<\/p>\n<p>O reservat\u00f3rio com capacidade de 545M\u00b3 que est\u00e1 localizada acima da FHCR \u2013 Funda\u00e7\u00e3o Hospitalar de Costa Rica \u2013 ir\u00e1 atender os bairros: Vila Santana, Vila Alvorada, Vila Nunes, Jardim Barbosa, Jardim Liberdade, Sonho Meu II, e grande parte do centro da cidade atingindo 25% da popula\u00e7\u00e3o.<\/p>\n<p>O Processo Licitat\u00f3rio N\u00ba 02\/2015, Edital N\u00b0 01\/2015 \u2013 objeto de contrato N\u00ba 05\/2015 est\u00e1 \u00e0 disposi\u00e7\u00e3o para consulta p\u00fablica no SAAE.<\/p>\n<\/div>\n<div class=\"marginBottom30px link-Internas\">ASSECOM\/PMCR<\/div>\n","protected":false},"excerpt":{"rendered":"<p>Na \u00faltima ter\u00e7a-feira, 20 de outubro, foi publicado na Edi\u00e7\u00e3o N\u00ba 1.538\/Ano X \u2013 do DIOCRI &#8211; Di\u00e1rio Oficial do Munic\u00edpio de Costa Rica &#8211; na P\u00e1gina 35, a Portaria N\u00ba 81\/2015, que autoriza o reinicio da constru\u00e7\u00e3o do cilindro de armazenamento de \u00e1gua da obra de constru\u00e7\u00e3o da Caixa D ?\u00c1gua de 545 m\u00b3 [&hellip;]<\/p>\n","protected":false},"author":4,"featured_media":13229,"comment_status":"closed","ping_status":"closed","sticky":false,"template":"","format":"standard","meta":{"footnotes":""},"categories":[25],"tags":[],"class_list":["post-13228","post","type-post","status-publish","format-standard","has-post-thumbnail","hentry","category-costa-rica"],"_links":{"self":[{"href":"https:\/\/www.ocorreionews.com.br\/acervo-correio\/index.php?rest_route=\/wp\/v2\/posts\/13228","targetHints":{"allow":["GET"]}}],"collection":[{"href":"https:\/\/www.ocorreionews.com.br\/acervo-correio\/index.php?rest_route=\/wp\/v2\/posts"}],"about":[{"href":"https:\/\/www.ocorreionews.com.br\/acervo-correio\/index.php?rest_route=\/wp\/v2\/types\/post"}],"author":[{"embeddable":true,"href":"https:\/\/www.ocorreionews.com.br\/acervo-correio\/index.php?rest_route=\/wp\/v2\/users\/4"}],"replies":[{"embeddable":true,"href":"https:\/\/www.ocorreionews.com.br\/acervo-correio\/index.php?rest_route=%2Fwp%2Fv2%2Fcomments&post=13228"}],"version-history":[{"count":0,"href":"https:\/\/www.ocorreionews.com.br\/acervo-correio\/index.php?rest_route=\/wp\/v2\/posts\/13228\/revisions"}],"wp:featuredmedia":[{"embeddable":true,"href":"https:\/\/www.ocorreionews.com.br\/acervo-correio\/index.php?rest_route=\/wp\/v2\/media\/13229"}],"wp:attachment":[{"href":"https:\/\/www.ocorreionews.com.br\/acervo-correio\/index.php?rest_route=%2Fwp%2Fv2%2Fmedia&parent=13228"}],"wp:term":[{"taxonomy":"category","embeddable":true,"href":"https:\/\/www.ocorreionews.com.br\/acervo-correio\/index.php?rest_route=%2Fwp%2Fv2%2Fcategories&post=13228"},{"taxonomy":"post_tag","embeddable":true,"href":"https:\/\/www.ocorreionews.com.br\/acervo-correio\/index.php?rest_route=%2Fwp%2Fv2%2Ftags&post=13228"}],"curies":[{"name":"wp","href":"https:\/\/api.w.org\/{rel}","templated":true}]}}