{"id":13231,"date":"2015-10-22T06:08:58","date_gmt":"2015-10-22T10:08:58","guid":{"rendered":"https:\/\/ocorreionews.com.br\/?p=13231"},"modified":"2015-10-22T06:27:53","modified_gmt":"2015-10-22T10:27:53","slug":"ms-copia-baianos-e-assembleia-analisa-acao-contra-vistoria-do-detran","status":"publish","type":"post","link":"https:\/\/www.ocorreionews.com.br\/acervo-correio\/?p=13231","title":{"rendered":"MS copia baianos e Assembleia analisa a\u00e7\u00e3o contra vistoria do Detran"},"content":{"rendered":"<blockquote><p><em>Na Bahia, governo suspendeu taxa antes de STF mandar<\/em><\/p><\/blockquote>\n<p>A Assembleia Legislativa de Mato Grosso do Sul j\u00e1 analisa a possibilidade de acionar o STF (Supremo Tribunal Federal) para suspender a vistoria veicular do Detran (Departamento Estadual de Tr\u00e2nsito), obrigat\u00f3ria para licenciar ve\u00edculos com mais de cinco anos de fabrica\u00e7\u00e3o. <strong><a href=\"http:\/\/www.midiamax.com.br\/politica\/bahia-cede-pressao-suspende-vistoria-veicular-anual-ms-mantem-278001\">A medida copia ato semelhante adotado na Bahia<\/a><\/strong>, onde o governo revogou portaria sobre o procedimento ap\u00f3s pareceres contr\u00e1rios.<\/p>\n<p>Pelas regras jur\u00eddicas, apenas partidos pol\u00edticos ou a mesa diretora da Assembleia Legislativa podem acionar o STF com recurso chamado \u201cmedida cautelar na argui\u00e7\u00e3o de descumprimento de preceito fundamental\u201d. Em outras palavras, o argumento \u00e9 de que portarias de Detrans sobre a vistoria s\u00e3o inconstitucionais.<\/p>\n<p>Requerimento neste sentido foi apresentado na sess\u00e3o desta quarta-feira (21) pelos deputados estaduais Marquinhos Trad (PMDB) e Pedro Kemp (PT). O presidente da casa, Junior Mochi (PMDB), por sua vez, disse que j\u00e1 despachou o documento \u00e0 CCJ (Comiss\u00e3o de Constitui\u00e7\u00e3o, Justi\u00e7a e Reda\u00e7\u00e3o).<\/p>\n<p>Na Bahia, o STF foi acionado pela dire\u00e7\u00e3o local do DEM, comandado pelo deputado federal Jos\u00e9 Carlos Aleluia, alegando inconstitucionalidade da cobran\u00e7a da vistoria. A corte pediu parecer sobre o assunto \u00e0 PGR (Procuradoria Geral da Rep\u00fablica), a qual opinou que as medidas adotadas no \u00e2mbito estadual ferem compet\u00eancia legislativa da Uni\u00e3o.<\/p>\n<p>O governo baiano nem esperou decis\u00e3o do STF e suspendeu a portaria que estabeleceu a vistoria. Em Mato Grosso do Sul, segundo Marquinhos, Mochi tem 30 dias para analisar o requerimento.<\/p>\n<p>Segundo o presidente da Assembleia, caso o pedido venha com parecer favor\u00e1vel da CCJ, ser\u00e1 submetido ao plen\u00e1rio. Ou seja, eventual medida no STF contra a vistoria caber\u00e1 a ato colegiado, n\u00e3o apenas sob responsabilidade da mesa diretora da casa.<\/p>\n<p>\u201cA delibera\u00e7\u00e3o n\u00e3o ser\u00e1 do presidente, mas dos deputados. Se entenderem que \u00e9 essa a medida que devemos tomar, tranquilamente a gente toma\u201d, disse Mochi. A vistoria obrigat\u00f3rio foi institu\u00edda pela portaria n\u00famero 32 do Detran, criada no fim de 2014, ainda na gest\u00e3o de Andr\u00e9 Puccinelli (PMDB), e alvo de discuss\u00f5es desde que entrou em vigor, no come\u00e7o deste ano.<\/p>\n<p><span class=\"author\">Waldemar Gon\u00e7alves e Mayara Bueno<\/span> midiamaxnews<\/p>\n","protected":false},"excerpt":{"rendered":"<p>Na Bahia, governo suspendeu taxa antes de STF mandar A Assembleia Legislativa de Mato Grosso do Sul j\u00e1 analisa a possibilidade de acionar o STF (Supremo Tribunal Federal) para suspender a vistoria veicular do Detran (Departamento Estadual de Tr\u00e2nsito), obrigat\u00f3ria para licenciar ve\u00edculos com mais de cinco anos de fabrica\u00e7\u00e3o. A medida copia ato semelhante [&hellip;]<\/p>\n","protected":false},"author":4,"featured_media":13232,"comment_status":"closed","ping_status":"closed","sticky":false,"template":"","format":"standard","meta":{"footnotes":""},"categories":[26,38],"tags":[],"class_list":["post-13231","post","type-post","status-publish","format-standard","has-post-thumbnail","hentry","category-economia","category-policia"],"_links":{"self":[{"href":"https:\/\/www.ocorreionews.com.br\/acervo-correio\/index.php?rest_route=\/wp\/v2\/posts\/13231","targetHints":{"allow":["GET"]}}],"collection":[{"href":"https:\/\/www.ocorreionews.com.br\/acervo-correio\/index.php?rest_route=\/wp\/v2\/posts"}],"about":[{"href":"https:\/\/www.ocorreionews.com.br\/acervo-correio\/index.php?rest_route=\/wp\/v2\/types\/post"}],"author":[{"embeddable":true,"href":"https:\/\/www.ocorreionews.com.br\/acervo-correio\/index.php?rest_route=\/wp\/v2\/users\/4"}],"replies":[{"embeddable":true,"href":"https:\/\/www.ocorreionews.com.br\/acervo-correio\/index.php?rest_route=%2Fwp%2Fv2%2Fcomments&post=13231"}],"version-history":[{"count":0,"href":"https:\/\/www.ocorreionews.com.br\/acervo-correio\/index.php?rest_route=\/wp\/v2\/posts\/13231\/revisions"}],"wp:featuredmedia":[{"embeddable":true,"href":"https:\/\/www.ocorreionews.com.br\/acervo-correio\/index.php?rest_route=\/wp\/v2\/media\/13232"}],"wp:attachment":[{"href":"https:\/\/www.ocorreionews.com.br\/acervo-correio\/index.php?rest_route=%2Fwp%2Fv2%2Fmedia&parent=13231"}],"wp:term":[{"taxonomy":"category","embeddable":true,"href":"https:\/\/www.ocorreionews.com.br\/acervo-correio\/index.php?rest_route=%2Fwp%2Fv2%2Fcategories&post=13231"},{"taxonomy":"post_tag","embeddable":true,"href":"https:\/\/www.ocorreionews.com.br\/acervo-correio\/index.php?rest_route=%2Fwp%2Fv2%2Ftags&post=13231"}],"curies":[{"name":"wp","href":"https:\/\/api.w.org\/{rel}","templated":true}]}}