{"id":13306,"date":"2015-10-22T19:31:45","date_gmt":"2015-10-22T23:31:45","guid":{"rendered":"https:\/\/ocorreionews.com.br\/?p=13306"},"modified":"2015-10-22T19:31:45","modified_gmt":"2015-10-22T23:31:45","slug":"projeto-topografico-e-implantacao-do-aterro-passou-por-revisao-afirma-engenheiro-responsavel","status":"publish","type":"post","link":"https:\/\/www.ocorreionews.com.br\/acervo-correio\/?p=13306","title":{"rendered":"Projeto topogr\u00e1fico e implanta\u00e7\u00e3o do aterro passou por revis\u00e3o afirma engenheiro respons\u00e1vel"},"content":{"rendered":"<p>Na manh\u00e3 de ontem (21) A Presidente do Poder Legislativo, Sonia Maran, acompanhada do Consultor Jur\u00eddico da c\u00e2mara, Sr. Edmilson Pattini estiveram vistoriando as obras no aterro sanit\u00e1rio do munic\u00edpio. A presidente foi recepcionada pelo Sr. Alexandre, engenheiro respons\u00e1vel pela coordena\u00e7\u00e3o da obra.<\/p>\n<p>Alexandre ressaltou que muitas melhorias foram feitas no local, como o alambrado no entorno da \u00e1rea e a reforma das \u00e1reas constru\u00eddas que haviam sido depredadas por v\u00e2ndalos. O engenheiro citou que al\u00e9m das melhorias citadas, foi necess\u00e1rio se investir na topografia do local, uma vez que o projeto precisou ser readaptado \u00e0 \u00e1rea.<\/p>\n<p>Questionado sobre o in\u00edcio da opera\u00e7\u00e3o do aterro, o engenheiro citou que todos os prazos ser\u00e3o cumpridos e que os investimentos que ser\u00e3o feitos pela empresa administradora da concess\u00e3o seguir\u00e3o um cronograma que estabelece etapas durante os vinte cinco anos de dura\u00e7\u00e3o da concess\u00e3o.<\/p>\n<p><img loading=\"lazy\" decoding=\"async\" class=\"\" src=\"http:\/\/www.camarachapadaodosul.ms.gov.br\/uploads\/ckeditor\/pictures\/27\/content_03.jpg\" alt=\"\" width=\"626\" height=\"352\" \/><\/p>\n<p>Sonia Maran se mostrou bastante preocupada, uma vez que no local os poucos servidores que est\u00e3o trabalhando, est\u00e3o apenas atuando na limpeza do local e na retirada dos pneus que l\u00e1 foram depositados. Diante disso a presidente afirmou que espera que uma for\u00e7a tarefa seja formada pela empresa para que at\u00e9 dezembro o aterro passe a receber os res\u00edduos s\u00f3lidos, assim como determina a lei.<\/p>\n<p><img loading=\"lazy\" decoding=\"async\" class=\"\" src=\"http:\/\/www.camarachapadaodosul.ms.gov.br\/uploads\/ckeditor\/pictures\/28\/content_IMG_2642.jpg\" alt=\"\" width=\"624\" height=\"416\" \/><\/p>\n<p>Sonia ressaltou que far\u00e1 visitas peri\u00f3dicas ao local para acompanhar de perto o andamento e a evolu\u00e7\u00e3o da obra.<\/p>\n<p><strong>\u201cEsta obra muito me preocupa, pois estamos tratando do futuro do munic\u00edpio, estamos falando em 92 milh\u00f5es de reais e da destina\u00e7\u00e3o do lixo do munic\u00edpio por 25 anos, da\u00ed a necessidade da vistoria da obra\u201d <\/strong>Enfatizou a presidente.<\/p>\n<p>Assessoria da camara<\/p>\n","protected":false},"excerpt":{"rendered":"<p>Na manh\u00e3 de ontem (21) A Presidente do Poder Legislativo, Sonia Maran, acompanhada do Consultor Jur\u00eddico da c\u00e2mara, Sr. Edmilson Pattini estiveram vistoriando as obras no aterro sanit\u00e1rio do munic\u00edpio. A presidente foi recepcionada pelo Sr. Alexandre, engenheiro respons\u00e1vel pela coordena\u00e7\u00e3o da obra. Alexandre ressaltou que muitas melhorias foram feitas no local, como o alambrado [&hellip;]<\/p>\n","protected":false},"author":4,"featured_media":13268,"comment_status":"closed","ping_status":"closed","sticky":false,"template":"","format":"standard","meta":{"footnotes":""},"categories":[20,23],"tags":[],"class_list":["post-13306","post","type-post","status-publish","format-standard","has-post-thumbnail","hentry","category-camara-municipal","category-chapadao-do-sul"],"_links":{"self":[{"href":"https:\/\/www.ocorreionews.com.br\/acervo-correio\/index.php?rest_route=\/wp\/v2\/posts\/13306","targetHints":{"allow":["GET"]}}],"collection":[{"href":"https:\/\/www.ocorreionews.com.br\/acervo-correio\/index.php?rest_route=\/wp\/v2\/posts"}],"about":[{"href":"https:\/\/www.ocorreionews.com.br\/acervo-correio\/index.php?rest_route=\/wp\/v2\/types\/post"}],"author":[{"embeddable":true,"href":"https:\/\/www.ocorreionews.com.br\/acervo-correio\/index.php?rest_route=\/wp\/v2\/users\/4"}],"replies":[{"embeddable":true,"href":"https:\/\/www.ocorreionews.com.br\/acervo-correio\/index.php?rest_route=%2Fwp%2Fv2%2Fcomments&post=13306"}],"version-history":[{"count":0,"href":"https:\/\/www.ocorreionews.com.br\/acervo-correio\/index.php?rest_route=\/wp\/v2\/posts\/13306\/revisions"}],"wp:featuredmedia":[{"embeddable":true,"href":"https:\/\/www.ocorreionews.com.br\/acervo-correio\/index.php?rest_route=\/wp\/v2\/media\/13268"}],"wp:attachment":[{"href":"https:\/\/www.ocorreionews.com.br\/acervo-correio\/index.php?rest_route=%2Fwp%2Fv2%2Fmedia&parent=13306"}],"wp:term":[{"taxonomy":"category","embeddable":true,"href":"https:\/\/www.ocorreionews.com.br\/acervo-correio\/index.php?rest_route=%2Fwp%2Fv2%2Fcategories&post=13306"},{"taxonomy":"post_tag","embeddable":true,"href":"https:\/\/www.ocorreionews.com.br\/acervo-correio\/index.php?rest_route=%2Fwp%2Fv2%2Ftags&post=13306"}],"curies":[{"name":"wp","href":"https:\/\/api.w.org\/{rel}","templated":true}]}}