{"id":13309,"date":"2015-10-23T06:18:52","date_gmt":"2015-10-23T10:18:52","guid":{"rendered":"https:\/\/ocorreionews.com.br\/?p=13309"},"modified":"2015-10-23T09:01:46","modified_gmt":"2015-10-23T13:01:46","slug":"chapadao-do-sul-28-anos-comemorar-o-que","status":"publish","type":"post","link":"https:\/\/www.ocorreionews.com.br\/acervo-correio\/?p=13309","title":{"rendered":"Chapad\u00e3o do Sul 28 anos: Comemorar o que?"},"content":{"rendered":"<p>Chapad\u00e3o do Sul comemora nesse dia 23 de outubro 28 anos de sua emancipa\u00e7\u00e3o, de muitas lutas, de muitas conquistas, de um povo trabalhador, que enfrentou muitas dificuldades para transformar a cidade num lugar gostoso de se viver.<\/p>\n<p>Hoje, sem d\u00favida seria um dia para todos comemorarem com a alegria todas essas conquistas\u2026, infelizmente vive uma das suas maiores decep\u00e7\u00f5es pol\u00edticas de toda a sua hist\u00f3ria&#8230; uma cidade sem comando&#8230; sem dire\u00e7\u00e3o administrativa&#8230; uma cidade que tem seu nome manchado nos principais meios de comunica\u00e7\u00e3o, pelo envolvido de corrup\u00e7\u00e3o administrativa&#8230; um munic\u00edpio que perdeu a credibilidade junto aos seus fornecedores&#8230; uma administra\u00e7\u00e3o que trouxe inseguran\u00e7a ao funcionalismo, um munic\u00edpio que padece, que sofre, que agoniza dia-a-dia, com as mazelas da atual administra\u00e7\u00e3o.<\/p>\n<p><strong>Chapad\u00e3o do Sul 28 anos&#8230; comemorar o que? <\/strong><\/p>\n<p>A sa\u00fade!!! onde os pr\u00f3prios m\u00e9dicos confessam que a administra\u00e7\u00e3o n\u00e3o das condi\u00e7\u00f5es de atendimento aos mun\u00edcipes, que est\u00e3o colocando a vida de todos em perigo&#8230;a falta de medicamento, mau atendimento, onde os pacientes procuram m\u00e9dicos plantonistas e n\u00e3o est\u00e3o no local\u2026onde m\u00e3es reclamam que alunos n\u00e3o tem sequer papel higi\u00eanico, corpo descart\u00e1veis, nas escolas&#8230; que os sistemas de ar condicionados das escola n\u00e3o funcionam&#8230; a vergonha dos funcion\u00e1rios em chegar no com\u00e9rcio local e ter que devolver as compras, j\u00e1 que a prefeitura descontou dinheiro dos seus sal\u00e1rios e n\u00e3o Repassou ao respons\u00e1vel pelo pagamento do Cart\u00e3o Brasil&#8230;. Comemorar a falta de pagamento do com\u00e9rcio local&#8230; A sujeira na cidade&#8230; a cidade que era uma das mais limpas do estado passou a ser a mais suja&#8230;o desinteresse das empresas em participara das licita\u00e7\u00f5es da administra\u00e7\u00e3o&#8230; comemorar a inaugura\u00e7\u00e3o de qual obra?<\/p>\n<p>H\u00e1 Chapad\u00e3o do Sul&#8230;. como era bom as comemora\u00e7\u00f5es dos seus anivers\u00e1rios em tempos passados&#8230;festas, shows, desfiles com bandas, presen\u00e7a de autoridades de todo estado&#8230; churrascos&#8230; (tudo com o apoio do povo&#8230; porque o dinheiro \u00e9 do povo&#8230; nada mais justo do que dar a ele lazer, do que desviar para outros fins) &#8230;hoje uma tristeza.<\/p>\n<p>Todo esse sofrimento, essa decep\u00e7\u00e3o, essa inseguran\u00e7a poderia ter acabado h\u00e1 poucos dias&#8230; mas, lamentavelmente quatro (04) vereadores, ou pelos menos 01, que poderia acabar com tudo isso, preferiram dar continuidade nesse processo de prejudicar o munic\u00edpio, seus mun\u00edcipes, e dar sustentabilidade para que tudo isso continua acontecendo.<\/p>\n<p><strong><em>CHAPAD\u00c3O DO SUL 28 ANOS COMEMORAR O QUE?<\/em><\/strong><\/p>\n<p>Adejair Morais da Silva \u2013 CPF 257.016.651 00<\/p>\n","protected":false},"excerpt":{"rendered":"<p>Chapad\u00e3o do Sul comemora nesse dia 23 de outubro 28 anos de sua emancipa\u00e7\u00e3o, de muitas lutas, de muitas conquistas, de um povo trabalhador, que enfrentou muitas dificuldades para transformar a cidade num lugar gostoso de se viver. Hoje, sem d\u00favida seria um dia para todos comemorarem com a alegria todas essas conquistas\u2026, infelizmente vive [&hellip;]<\/p>\n","protected":false},"author":4,"featured_media":13313,"comment_status":"closed","ping_status":"closed","sticky":false,"template":"","format":"standard","meta":{"footnotes":""},"categories":[23],"tags":[],"class_list":["post-13309","post","type-post","status-publish","format-standard","has-post-thumbnail","hentry","category-chapadao-do-sul"],"_links":{"self":[{"href":"https:\/\/www.ocorreionews.com.br\/acervo-correio\/index.php?rest_route=\/wp\/v2\/posts\/13309","targetHints":{"allow":["GET"]}}],"collection":[{"href":"https:\/\/www.ocorreionews.com.br\/acervo-correio\/index.php?rest_route=\/wp\/v2\/posts"}],"about":[{"href":"https:\/\/www.ocorreionews.com.br\/acervo-correio\/index.php?rest_route=\/wp\/v2\/types\/post"}],"author":[{"embeddable":true,"href":"https:\/\/www.ocorreionews.com.br\/acervo-correio\/index.php?rest_route=\/wp\/v2\/users\/4"}],"replies":[{"embeddable":true,"href":"https:\/\/www.ocorreionews.com.br\/acervo-correio\/index.php?rest_route=%2Fwp%2Fv2%2Fcomments&post=13309"}],"version-history":[{"count":0,"href":"https:\/\/www.ocorreionews.com.br\/acervo-correio\/index.php?rest_route=\/wp\/v2\/posts\/13309\/revisions"}],"wp:featuredmedia":[{"embeddable":true,"href":"https:\/\/www.ocorreionews.com.br\/acervo-correio\/index.php?rest_route=\/wp\/v2\/media\/13313"}],"wp:attachment":[{"href":"https:\/\/www.ocorreionews.com.br\/acervo-correio\/index.php?rest_route=%2Fwp%2Fv2%2Fmedia&parent=13309"}],"wp:term":[{"taxonomy":"category","embeddable":true,"href":"https:\/\/www.ocorreionews.com.br\/acervo-correio\/index.php?rest_route=%2Fwp%2Fv2%2Fcategories&post=13309"},{"taxonomy":"post_tag","embeddable":true,"href":"https:\/\/www.ocorreionews.com.br\/acervo-correio\/index.php?rest_route=%2Fwp%2Fv2%2Ftags&post=13309"}],"curies":[{"name":"wp","href":"https:\/\/api.w.org\/{rel}","templated":true}]}}