{"id":133146,"date":"2019-12-26T12:03:53","date_gmt":"2019-12-26T15:03:53","guid":{"rendered":"https:\/\/www.ocorreionews.com.br\/acervo-correio\/?p=133146"},"modified":"2019-12-26T12:08:58","modified_gmt":"2019-12-26T15:08:58","slug":"homem-de-36-anos-por-esfaquear-concunhado-na-noite-de-natal","status":"publish","type":"post","link":"https:\/\/www.ocorreionews.com.br\/acervo-correio\/?p=133146","title":{"rendered":"homem de 36 anos \u00e9 preso por esfaquear concunhado na noite de Natal"},"content":{"rendered":"<p>COSTA RICA- Durante as comemora\u00e7\u00f5es de natal um homem de 47 anos foi esfaqueado pelo concunhado de 36 anos que utilizou um canivete para cometer o crime. Ap\u00f3s o crime o autor tentou evadir do local, por\u00e9m a PM o prendeu em flagrante com a ajuda da popula\u00e7\u00e3o.<\/p>\n<p>A v\u00edtima do esfaqueamento recebeu o primeiro atendimento por parte da equipe da PM at\u00e9 a chegada do Corpo de bombeiros e foi levada \u00e0s pressas para \u00e0 funda\u00e7\u00e3o hospitalar, j\u00e1 que possu\u00eda uma les\u00e3o grave do lado direito do abd\u00f4men e foi submetido \u00e0 cirurgia, e ficar\u00e1 sob observa\u00e7\u00e3o m\u00e9dica.<\/p>\n<p>O autor tamb\u00e9m passou por atendimento m\u00e9dico, j\u00e1 que se auto lesionou (cortou uma das m\u00e3os) durante o esfaqueamento. Logo ap\u00f3s receber atendimento, o autor foi encaminhado para a DP, onde foi autuado em flagrante e aguardar\u00e1 preso a decis\u00e3o judicial<\/p>\n<p>Assessoria da PM<\/p>\n","protected":false},"excerpt":{"rendered":"<p>COSTA RICA- Durante as comemora\u00e7\u00f5es de natal um homem de 47 anos foi esfaqueado pelo concunhado de 36 anos que utilizou um canivete para cometer o crime. Ap\u00f3s o crime o autor tentou evadir do local, por\u00e9m a PM o prendeu em flagrante com a ajuda da popula\u00e7\u00e3o. A v\u00edtima do esfaqueamento recebeu o primeiro [&hellip;]<\/p>\n","protected":false},"author":4,"featured_media":133147,"comment_status":"closed","ping_status":"closed","sticky":false,"template":"","format":"standard","meta":{"footnotes":""},"categories":[38],"tags":[],"class_list":["post-133146","post","type-post","status-publish","format-standard","has-post-thumbnail","hentry","category-policia"],"_links":{"self":[{"href":"https:\/\/www.ocorreionews.com.br\/acervo-correio\/index.php?rest_route=\/wp\/v2\/posts\/133146","targetHints":{"allow":["GET"]}}],"collection":[{"href":"https:\/\/www.ocorreionews.com.br\/acervo-correio\/index.php?rest_route=\/wp\/v2\/posts"}],"about":[{"href":"https:\/\/www.ocorreionews.com.br\/acervo-correio\/index.php?rest_route=\/wp\/v2\/types\/post"}],"author":[{"embeddable":true,"href":"https:\/\/www.ocorreionews.com.br\/acervo-correio\/index.php?rest_route=\/wp\/v2\/users\/4"}],"replies":[{"embeddable":true,"href":"https:\/\/www.ocorreionews.com.br\/acervo-correio\/index.php?rest_route=%2Fwp%2Fv2%2Fcomments&post=133146"}],"version-history":[{"count":1,"href":"https:\/\/www.ocorreionews.com.br\/acervo-correio\/index.php?rest_route=\/wp\/v2\/posts\/133146\/revisions"}],"predecessor-version":[{"id":133154,"href":"https:\/\/www.ocorreionews.com.br\/acervo-correio\/index.php?rest_route=\/wp\/v2\/posts\/133146\/revisions\/133154"}],"wp:featuredmedia":[{"embeddable":true,"href":"https:\/\/www.ocorreionews.com.br\/acervo-correio\/index.php?rest_route=\/wp\/v2\/media\/133147"}],"wp:attachment":[{"href":"https:\/\/www.ocorreionews.com.br\/acervo-correio\/index.php?rest_route=%2Fwp%2Fv2%2Fmedia&parent=133146"}],"wp:term":[{"taxonomy":"category","embeddable":true,"href":"https:\/\/www.ocorreionews.com.br\/acervo-correio\/index.php?rest_route=%2Fwp%2Fv2%2Fcategories&post=133146"},{"taxonomy":"post_tag","embeddable":true,"href":"https:\/\/www.ocorreionews.com.br\/acervo-correio\/index.php?rest_route=%2Fwp%2Fv2%2Ftags&post=133146"}],"curies":[{"name":"wp","href":"https:\/\/api.w.org\/{rel}","templated":true}]}}