{"id":133149,"date":"2019-12-26T12:07:55","date_gmt":"2019-12-26T15:07:55","guid":{"rendered":"https:\/\/www.ocorreionews.com.br\/acervo-correio\/?p=133149"},"modified":"2019-12-26T12:07:55","modified_gmt":"2019-12-26T15:07:55","slug":"mulher-pede-socorro-em-quartel-da-pm-cr-e-agressor-e-preso","status":"publish","type":"post","link":"https:\/\/www.ocorreionews.com.br\/acervo-correio\/?p=133149","title":{"rendered":"Mulher pede socorro em Quartel da PM CR e agressor \u00e9 preso."},"content":{"rendered":"<blockquote><p><strong>Pol\u00edcia Militar de Costa Rica prende homem de 43 anos ap\u00f3s o mesmo agredir violentamente a sua convivente na noite do dia 25.<\/strong><\/p><\/blockquote>\n<p>COSTA RICA &#8211; Por volta das 22 horas do dia 25, compareceu na sede do segundo pelot\u00e3o de Costa Rica, a Sra V.B.D. de 34 anos, afirmando que durante confraterniza\u00e7\u00e3o de final de ano, a mesma se desentendeu com seu ex marido o Sr. M.A.C, o qual ainda dividem o mesmo teto.<\/p>\n<p>Diante do desentendimento o homem a agrediu com v\u00e1rios socos e pontap\u00e9s por todo o corpo, mas e principalmente na sua face. Com muito custo a v\u00edtima conseguiu fugir de sua casa e procurou ajuda na sede da PM.<\/p>\n<p>A v\u00edtima recebeu o primeiro atendimento do policial de que estava no local, e este acionou a equipe de servi\u00e7o, que foi at\u00e9 o endere\u00e7o do casal, e localizou e o prendeu em flagrante.<\/p>\n<p>O autor foi conduzido para a delegacia de Pol\u00edcia, e a v\u00edtima encaminhada \u00e0 funda\u00e7\u00e3o hospitalar, onde foi realizado o exame de corpo de delito, ficou internada e far\u00e1 mais exames para verificar a gravidade dos ferimentos.<\/p>\n<p><a href=\"https:\/\/www.ocorreionews.com.br\/acervo-correio\/wp-content\/uploads\/2019\/12\/briga-cr-natal2.jpg\"><img loading=\"lazy\" decoding=\"async\" class=\"alignnone size-full wp-image-133151\" src=\"https:\/\/www.ocorreionews.com.br\/acervo-correio\/wp-content\/uploads\/2019\/12\/briga-cr-natal2.jpg\" alt=\"\" width=\"774\" height=\"1032\" srcset=\"https:\/\/www.ocorreionews.com.br\/acervo-correio\/wp-content\/uploads\/2019\/12\/briga-cr-natal2.jpg 774w, https:\/\/www.ocorreionews.com.br\/acervo-correio\/wp-content\/uploads\/2019\/12\/briga-cr-natal2-225x300.jpg 225w, https:\/\/www.ocorreionews.com.br\/acervo-correio\/wp-content\/uploads\/2019\/12\/briga-cr-natal2-768x1024.jpg 768w\" sizes=\"auto, (max-width: 774px) 100vw, 774px\" \/><\/a><\/p>\n","protected":false},"excerpt":{"rendered":"<p>Pol\u00edcia Militar de Costa Rica prende homem de 43 anos ap\u00f3s o mesmo agredir violentamente a sua convivente na noite do dia 25. COSTA RICA &#8211; Por volta das 22 horas do dia 25, compareceu na sede do segundo pelot\u00e3o de Costa Rica, a Sra V.B.D. de 34 anos, afirmando que durante confraterniza\u00e7\u00e3o de final [&hellip;]<\/p>\n","protected":false},"author":4,"featured_media":133150,"comment_status":"closed","ping_status":"closed","sticky":false,"template":"","format":"standard","meta":{"footnotes":""},"categories":[38],"tags":[],"class_list":["post-133149","post","type-post","status-publish","format-standard","has-post-thumbnail","hentry","category-policia"],"_links":{"self":[{"href":"https:\/\/www.ocorreionews.com.br\/acervo-correio\/index.php?rest_route=\/wp\/v2\/posts\/133149","targetHints":{"allow":["GET"]}}],"collection":[{"href":"https:\/\/www.ocorreionews.com.br\/acervo-correio\/index.php?rest_route=\/wp\/v2\/posts"}],"about":[{"href":"https:\/\/www.ocorreionews.com.br\/acervo-correio\/index.php?rest_route=\/wp\/v2\/types\/post"}],"author":[{"embeddable":true,"href":"https:\/\/www.ocorreionews.com.br\/acervo-correio\/index.php?rest_route=\/wp\/v2\/users\/4"}],"replies":[{"embeddable":true,"href":"https:\/\/www.ocorreionews.com.br\/acervo-correio\/index.php?rest_route=%2Fwp%2Fv2%2Fcomments&post=133149"}],"version-history":[{"count":1,"href":"https:\/\/www.ocorreionews.com.br\/acervo-correio\/index.php?rest_route=\/wp\/v2\/posts\/133149\/revisions"}],"predecessor-version":[{"id":133153,"href":"https:\/\/www.ocorreionews.com.br\/acervo-correio\/index.php?rest_route=\/wp\/v2\/posts\/133149\/revisions\/133153"}],"wp:featuredmedia":[{"embeddable":true,"href":"https:\/\/www.ocorreionews.com.br\/acervo-correio\/index.php?rest_route=\/wp\/v2\/media\/133150"}],"wp:attachment":[{"href":"https:\/\/www.ocorreionews.com.br\/acervo-correio\/index.php?rest_route=%2Fwp%2Fv2%2Fmedia&parent=133149"}],"wp:term":[{"taxonomy":"category","embeddable":true,"href":"https:\/\/www.ocorreionews.com.br\/acervo-correio\/index.php?rest_route=%2Fwp%2Fv2%2Fcategories&post=133149"},{"taxonomy":"post_tag","embeddable":true,"href":"https:\/\/www.ocorreionews.com.br\/acervo-correio\/index.php?rest_route=%2Fwp%2Fv2%2Ftags&post=133149"}],"curies":[{"name":"wp","href":"https:\/\/api.w.org\/{rel}","templated":true}]}}