{"id":133155,"date":"2019-12-26T12:16:36","date_gmt":"2019-12-26T15:16:36","guid":{"rendered":"https:\/\/www.ocorreionews.com.br\/acervo-correio\/?p=133155"},"modified":"2019-12-26T14:21:29","modified_gmt":"2019-12-26T17:21:29","slug":"carreta-carregado-de-oleo-de-soja-toba-e-carga-e-saqueada","status":"publish","type":"post","link":"https:\/\/www.ocorreionews.com.br\/acervo-correio\/?p=133155","title":{"rendered":"Carreta carregada de \u00f3leo de soja toba e carga e saqueada"},"content":{"rendered":"<p>COSTA RICA- Carreta carregada com \u00f3leo de soja tombou na tarde da \u00faltima ter\u00e7a-feira (24), na rotat\u00f3ria das rodovias BR-359 e MS-306, na regi\u00e3o da Ba\u00fas, em Costa Rica. O motorista do ve\u00edculo n\u00e3o se feriu e disse que a carga avaliada em R$ 93 mil foi saqueada.<\/p>\n<p><img decoding=\"async\" src=\"http:\/\/www.mstododia.com.br\/uploads\/images\/oleo2.jpeg\" alt=\"\" \/><\/p>\n<p>Segundo boletim de ocorr\u00eancia, ele disse que seguia sentido de Alto Taquari (MT) para Costa Rica, quando perdeu o controle a dire\u00e7\u00e3o e tombou. Em raz\u00e3o do acidente, os fardos de \u00f3leo ca\u00edram e ficaram expostos, sendo furtados.<\/p>\n<p><img decoding=\"async\" src=\"http:\/\/www.mstododia.com.br\/uploads\/images\/oleeo3.jpeg\" alt=\"\" \/><\/p>\n<p>A testemunha disse que v\u00e1rios populares se aglomeraram no local, motivo pelo qual n\u00e3o foi poss\u00edvel identificar os respons\u00e1veis. O ve\u00edculo pertence a uma empresa do interior de S\u00e3o Paulo. Uma equipe do GTO (Grupo T\u00e1tico Operacional) esteve no local para registro da ocorr\u00eancia.<\/p>\n<p>&nbsp;<\/p>\n<p><span class=\"data fz12 black uppercase\"> Fonte: MS TODO DIA <\/span><\/p>\n","protected":false},"excerpt":{"rendered":"<p>COSTA RICA- Carreta carregada com \u00f3leo de soja tombou na tarde da \u00faltima ter\u00e7a-feira (24), na rotat\u00f3ria das rodovias BR-359 e MS-306, na regi\u00e3o da Ba\u00fas, em Costa Rica. O motorista do ve\u00edculo n\u00e3o se feriu e disse que a carga avaliada em R$ 93 mil foi saqueada. Segundo boletim de ocorr\u00eancia, ele disse que [&hellip;]<\/p>\n","protected":false},"author":4,"featured_media":133156,"comment_status":"closed","ping_status":"closed","sticky":false,"template":"","format":"standard","meta":{"footnotes":""},"categories":[25,41],"tags":[],"class_list":["post-133155","post","type-post","status-publish","format-standard","has-post-thumbnail","hentry","category-costa-rica","category-destaque"],"_links":{"self":[{"href":"https:\/\/www.ocorreionews.com.br\/acervo-correio\/index.php?rest_route=\/wp\/v2\/posts\/133155","targetHints":{"allow":["GET"]}}],"collection":[{"href":"https:\/\/www.ocorreionews.com.br\/acervo-correio\/index.php?rest_route=\/wp\/v2\/posts"}],"about":[{"href":"https:\/\/www.ocorreionews.com.br\/acervo-correio\/index.php?rest_route=\/wp\/v2\/types\/post"}],"author":[{"embeddable":true,"href":"https:\/\/www.ocorreionews.com.br\/acervo-correio\/index.php?rest_route=\/wp\/v2\/users\/4"}],"replies":[{"embeddable":true,"href":"https:\/\/www.ocorreionews.com.br\/acervo-correio\/index.php?rest_route=%2Fwp%2Fv2%2Fcomments&post=133155"}],"version-history":[{"count":1,"href":"https:\/\/www.ocorreionews.com.br\/acervo-correio\/index.php?rest_route=\/wp\/v2\/posts\/133155\/revisions"}],"predecessor-version":[{"id":133158,"href":"https:\/\/www.ocorreionews.com.br\/acervo-correio\/index.php?rest_route=\/wp\/v2\/posts\/133155\/revisions\/133158"}],"wp:featuredmedia":[{"embeddable":true,"href":"https:\/\/www.ocorreionews.com.br\/acervo-correio\/index.php?rest_route=\/wp\/v2\/media\/133156"}],"wp:attachment":[{"href":"https:\/\/www.ocorreionews.com.br\/acervo-correio\/index.php?rest_route=%2Fwp%2Fv2%2Fmedia&parent=133155"}],"wp:term":[{"taxonomy":"category","embeddable":true,"href":"https:\/\/www.ocorreionews.com.br\/acervo-correio\/index.php?rest_route=%2Fwp%2Fv2%2Fcategories&post=133155"},{"taxonomy":"post_tag","embeddable":true,"href":"https:\/\/www.ocorreionews.com.br\/acervo-correio\/index.php?rest_route=%2Fwp%2Fv2%2Ftags&post=133155"}],"curies":[{"name":"wp","href":"https:\/\/api.w.org\/{rel}","templated":true}]}}