{"id":13317,"date":"2015-10-23T11:36:17","date_gmt":"2015-10-23T15:36:17","guid":{"rendered":"https:\/\/ocorreionews.com.br\/?p=13317"},"modified":"2015-10-23T11:36:17","modified_gmt":"2015-10-23T15:36:17","slug":"administracao-municipal-recebe-visita-do-delegado-geral-da-policia-civil-do-estado","status":"publish","type":"post","link":"https:\/\/www.ocorreionews.com.br\/acervo-correio\/?p=13317","title":{"rendered":"Administra\u00e7\u00e3o Municipal recebe visita do delegado geral da Pol\u00edcia Civil do Estado."},"content":{"rendered":"<p>O Prefeito Municipal de Para\u00edso das \u00c1guas, Ivan da Cruz Pereira( Xixi) recebeu na manh\u00e3 desta quinta-feira, dia 22 de outubro, a visita t\u00e9cnica do delegado geral do Policia Civil de Mato Grosso do Sul, \u00a0 Roberval Maur\u00edcio Cardoso, que estava acompanhado dos policiais civis e do delegado da comarca de Chapad\u00e3o do Sul , Danilo Mansur \u00a0para analisarem o projeto de constru\u00e7\u00e3o do novo pr\u00e9dio da delegacia civil de Para\u00edso das \u00c1guas e para visitarem o local onde ser\u00e1 constru\u00edda a sede da delegacia civil do munic\u00edpio.<\/p>\n<p>Na ocasi\u00e3o, o chefe do executivo aproveitou a oportunidade para mostrar ao delegado Roberval e sua equipe as instala\u00e7\u00f5es do novo pr\u00e9dio da escola professora Lizete Rivelli Alpe, e na sequencia visitaram tamb\u00e9m a atual sede da delegacia de policia civil do munic\u00edpio de Para\u00edso das \u00c1guas.<\/p>\n<p>ASSECOM- Prefeitura Municipal de Para\u00edso das \u00c1guas- MS<\/p>\n<p>&nbsp;<\/p>\n<p>Texto: Daniela Loss\u00e1vero<\/p>\n<p>Fotos: Daniela Loss\u00e1vero<\/p>\n","protected":false},"excerpt":{"rendered":"<p>O Prefeito Municipal de Para\u00edso das \u00c1guas, Ivan da Cruz Pereira( Xixi) recebeu na manh\u00e3 desta quinta-feira, dia 22 de outubro, a visita t\u00e9cnica do delegado geral do Policia Civil de Mato Grosso do Sul, \u00a0 Roberval Maur\u00edcio Cardoso, que estava acompanhado dos policiais civis e do delegado da comarca de Chapad\u00e3o do Sul , [&hellip;]<\/p>\n","protected":false},"author":4,"featured_media":13318,"comment_status":"closed","ping_status":"closed","sticky":false,"template":"","format":"standard","meta":{"footnotes":""},"categories":[36],"tags":[],"class_list":["post-13317","post","type-post","status-publish","format-standard","has-post-thumbnail","hentry","category-paraiso-das-aguas"],"_links":{"self":[{"href":"https:\/\/www.ocorreionews.com.br\/acervo-correio\/index.php?rest_route=\/wp\/v2\/posts\/13317","targetHints":{"allow":["GET"]}}],"collection":[{"href":"https:\/\/www.ocorreionews.com.br\/acervo-correio\/index.php?rest_route=\/wp\/v2\/posts"}],"about":[{"href":"https:\/\/www.ocorreionews.com.br\/acervo-correio\/index.php?rest_route=\/wp\/v2\/types\/post"}],"author":[{"embeddable":true,"href":"https:\/\/www.ocorreionews.com.br\/acervo-correio\/index.php?rest_route=\/wp\/v2\/users\/4"}],"replies":[{"embeddable":true,"href":"https:\/\/www.ocorreionews.com.br\/acervo-correio\/index.php?rest_route=%2Fwp%2Fv2%2Fcomments&post=13317"}],"version-history":[{"count":0,"href":"https:\/\/www.ocorreionews.com.br\/acervo-correio\/index.php?rest_route=\/wp\/v2\/posts\/13317\/revisions"}],"wp:featuredmedia":[{"embeddable":true,"href":"https:\/\/www.ocorreionews.com.br\/acervo-correio\/index.php?rest_route=\/wp\/v2\/media\/13318"}],"wp:attachment":[{"href":"https:\/\/www.ocorreionews.com.br\/acervo-correio\/index.php?rest_route=%2Fwp%2Fv2%2Fmedia&parent=13317"}],"wp:term":[{"taxonomy":"category","embeddable":true,"href":"https:\/\/www.ocorreionews.com.br\/acervo-correio\/index.php?rest_route=%2Fwp%2Fv2%2Fcategories&post=13317"},{"taxonomy":"post_tag","embeddable":true,"href":"https:\/\/www.ocorreionews.com.br\/acervo-correio\/index.php?rest_route=%2Fwp%2Fv2%2Ftags&post=13317"}],"curies":[{"name":"wp","href":"https:\/\/api.w.org\/{rel}","templated":true}]}}