{"id":13323,"date":"2015-10-24T07:35:21","date_gmt":"2015-10-24T11:35:21","guid":{"rendered":"https:\/\/ocorreionews.com.br\/?p=13323"},"modified":"2015-10-24T08:55:34","modified_gmt":"2015-10-24T12:55:34","slug":"ambulancia-de-chapadao-do-ceu-colide-em-carreta-tres-pessoas-ficaram-feridas","status":"publish","type":"post","link":"https:\/\/www.ocorreionews.com.br\/acervo-correio\/?p=13323","title":{"rendered":"Ambul\u00e2ncia de Chapad\u00e3o do C\u00e9u colide em carreta tr\u00eas pessoas ficaram feridas"},"content":{"rendered":"<p>Uma ambul\u00e2ncia F-250 de Chapad\u00e3o do C\u00e9u, com tr\u00eas pessoas, colidiu com uma carreta na Rodovia GO 206, pr\u00f3ximo ao povoado do Itumirim, quando transportava passageiros para outros centos m\u00e9dicos.<\/p>\n<p>No ve\u00edculo que ficou totalmente destru\u00eddo, estavam sete pessoas, sendo que destas, tr\u00eas se feriram com mais gravidade.<\/p>\n<p>O motorista, Renato, teve fratura no nariz, um dos ocupantes identificado como Barba, sofreu fratura em uma das pernas e uma mulher teve ferimentos e escoria\u00e7\u00f5es e foi internada.<\/p>\n<p>Todos os passageiros, estava no compartimento traseiro do ve\u00edculo e com cintos. A ambul\u00e2ncia teve perda total.<\/p>\n<p>&nbsp;<\/p>\n<p>Um acidente de tr\u00e2nsito foi registrado nesta quinta-feira (22\/10), no quil\u00f4metro 396 na GO-206, em Chapad\u00e3o do C\u00e9u (GO). Uma ambul\u00e2ncia do munic\u00edpio se chocou violentamente contra uma carreta.<\/p>\n","protected":false},"excerpt":{"rendered":"<p>Uma ambul\u00e2ncia F-250 de Chapad\u00e3o do C\u00e9u, com tr\u00eas pessoas, colidiu com uma carreta na Rodovia GO 206, pr\u00f3ximo ao povoado do Itumirim, quando transportava passageiros para outros centos m\u00e9dicos. No ve\u00edculo que ficou totalmente destru\u00eddo, estavam sete pessoas, sendo que destas, tr\u00eas se feriram com mais gravidade. O motorista, Renato, teve fratura no nariz, [&hellip;]<\/p>\n","protected":false},"author":4,"featured_media":13324,"comment_status":"closed","ping_status":"closed","sticky":false,"template":"","format":"standard","meta":{"footnotes":""},"categories":[22,38],"tags":[],"class_list":["post-13323","post","type-post","status-publish","format-standard","has-post-thumbnail","hentry","category-chapadao-do-ceu","category-policia"],"_links":{"self":[{"href":"https:\/\/www.ocorreionews.com.br\/acervo-correio\/index.php?rest_route=\/wp\/v2\/posts\/13323","targetHints":{"allow":["GET"]}}],"collection":[{"href":"https:\/\/www.ocorreionews.com.br\/acervo-correio\/index.php?rest_route=\/wp\/v2\/posts"}],"about":[{"href":"https:\/\/www.ocorreionews.com.br\/acervo-correio\/index.php?rest_route=\/wp\/v2\/types\/post"}],"author":[{"embeddable":true,"href":"https:\/\/www.ocorreionews.com.br\/acervo-correio\/index.php?rest_route=\/wp\/v2\/users\/4"}],"replies":[{"embeddable":true,"href":"https:\/\/www.ocorreionews.com.br\/acervo-correio\/index.php?rest_route=%2Fwp%2Fv2%2Fcomments&post=13323"}],"version-history":[{"count":0,"href":"https:\/\/www.ocorreionews.com.br\/acervo-correio\/index.php?rest_route=\/wp\/v2\/posts\/13323\/revisions"}],"wp:featuredmedia":[{"embeddable":true,"href":"https:\/\/www.ocorreionews.com.br\/acervo-correio\/index.php?rest_route=\/wp\/v2\/media\/13324"}],"wp:attachment":[{"href":"https:\/\/www.ocorreionews.com.br\/acervo-correio\/index.php?rest_route=%2Fwp%2Fv2%2Fmedia&parent=13323"}],"wp:term":[{"taxonomy":"category","embeddable":true,"href":"https:\/\/www.ocorreionews.com.br\/acervo-correio\/index.php?rest_route=%2Fwp%2Fv2%2Fcategories&post=13323"},{"taxonomy":"post_tag","embeddable":true,"href":"https:\/\/www.ocorreionews.com.br\/acervo-correio\/index.php?rest_route=%2Fwp%2Fv2%2Ftags&post=13323"}],"curies":[{"name":"wp","href":"https:\/\/api.w.org\/{rel}","templated":true}]}}