{"id":135256,"date":"2020-01-28T10:09:15","date_gmt":"2020-01-28T14:09:15","guid":{"rendered":"https:\/\/www.ocorreionews.com.br\/acervo-correio\/?p=135256"},"modified":"2020-01-28T10:09:15","modified_gmt":"2020-01-28T14:09:15","slug":"campanha-de-vacinacao-contra-o-sarampo-comeca-dia-10-de-fevereiro-em-chapadao-do-sul","status":"publish","type":"post","link":"https:\/\/www.ocorreionews.com.br\/acervo-correio\/?p=135256","title":{"rendered":"Campanha de vacina\u00e7\u00e3o contra o Sarampo come\u00e7a dia 10 de fevereiro em Chapad\u00e3o do Sul."},"content":{"rendered":"<p>Campanha de vacina\u00e7\u00e3o contra o Sarampo come\u00e7ar\u00e1 no dia 10 de fevereiro em Chapad\u00e3o do Sul. A Secretaria de Sa\u00fade informou que a vacina\u00e7\u00e3o prosseguir\u00e1 at\u00e9 o dia 13 de mar\u00e7o, em todas as unidades de sa\u00fade, e que o foco s\u00e3o as crian\u00e7as e jovens com idade entre 5 a 19 anos de idade.<\/p>\n<p>O chamado dia D de vacina\u00e7\u00e3o ser\u00e1 no dia 15 de fevereiro no ESF Central. Neste dia, haver\u00e1 a campanha contra o sarampo e tamb\u00e9m a\u00e7\u00e3o de preven\u00e7\u00e3o de ISTs &#8211; Infec\u00e7\u00e3o sexualmente transmiss\u00edvel.<\/p>\n<p><strong>Sa\u00edba mais sobre o Dia D. <\/strong><\/p>\n<p><strong>Local:<\/strong> Estrategia de Saude da Familia Central (ESF Central)<\/p>\n<p><strong>Horario:<\/strong> 8 as 17 h ms<\/p>\n<p><strong>Publico alvo:<\/strong> crian\u00e7as de 5 anos ate adultos de 19 anos.<\/p>\n<p><u>Ser\u00e1 ofertado no dia da a\u00e7\u00e3o:<\/u><\/p>\n<p>Todas as vacinas do calend\u00e1rio vacinal, com foco na vacina do Sarampo.<\/p>\n<p>Testes rapidos de HIV, Sifilis, hepatite B\u00a0 e C (panfletagem, orienta\u00e7\u00e3o sobre ISTs, e distribui\u00e7\u00e3o de preservativos)<\/p>\n<p>Em 2020, a campanha tem o tema &#8211; CARNAVAL DA PREVEN\u00c7\u00c3O: TODOS CONTRA O SARAMPO E AS ISTs.<\/p>\n<p>&nbsp;<\/p>\n<p>&nbsp;<\/p>\n<p>*Assessoria<\/p>\n","protected":false},"excerpt":{"rendered":"<p>Campanha de vacina\u00e7\u00e3o contra o Sarampo come\u00e7ar\u00e1 no dia 10 de fevereiro em Chapad\u00e3o do Sul. A Secretaria de Sa\u00fade informou que a vacina\u00e7\u00e3o prosseguir\u00e1 at\u00e9 o dia 13 de mar\u00e7o, em todas as unidades de sa\u00fade, e que o foco s\u00e3o as crian\u00e7as e jovens com idade entre 5 a 19 anos de idade. [&hellip;]<\/p>\n","protected":false},"author":5,"featured_media":135257,"comment_status":"closed","ping_status":"closed","sticky":false,"template":"","format":"standard","meta":{"footnotes":""},"categories":[23,39],"tags":[],"class_list":["post-135256","post","type-post","status-publish","format-standard","has-post-thumbnail","hentry","category-chapadao-do-sul","category-saude"],"_links":{"self":[{"href":"https:\/\/www.ocorreionews.com.br\/acervo-correio\/index.php?rest_route=\/wp\/v2\/posts\/135256","targetHints":{"allow":["GET"]}}],"collection":[{"href":"https:\/\/www.ocorreionews.com.br\/acervo-correio\/index.php?rest_route=\/wp\/v2\/posts"}],"about":[{"href":"https:\/\/www.ocorreionews.com.br\/acervo-correio\/index.php?rest_route=\/wp\/v2\/types\/post"}],"author":[{"embeddable":true,"href":"https:\/\/www.ocorreionews.com.br\/acervo-correio\/index.php?rest_route=\/wp\/v2\/users\/5"}],"replies":[{"embeddable":true,"href":"https:\/\/www.ocorreionews.com.br\/acervo-correio\/index.php?rest_route=%2Fwp%2Fv2%2Fcomments&post=135256"}],"version-history":[{"count":1,"href":"https:\/\/www.ocorreionews.com.br\/acervo-correio\/index.php?rest_route=\/wp\/v2\/posts\/135256\/revisions"}],"predecessor-version":[{"id":135258,"href":"https:\/\/www.ocorreionews.com.br\/acervo-correio\/index.php?rest_route=\/wp\/v2\/posts\/135256\/revisions\/135258"}],"wp:featuredmedia":[{"embeddable":true,"href":"https:\/\/www.ocorreionews.com.br\/acervo-correio\/index.php?rest_route=\/wp\/v2\/media\/135257"}],"wp:attachment":[{"href":"https:\/\/www.ocorreionews.com.br\/acervo-correio\/index.php?rest_route=%2Fwp%2Fv2%2Fmedia&parent=135256"}],"wp:term":[{"taxonomy":"category","embeddable":true,"href":"https:\/\/www.ocorreionews.com.br\/acervo-correio\/index.php?rest_route=%2Fwp%2Fv2%2Fcategories&post=135256"},{"taxonomy":"post_tag","embeddable":true,"href":"https:\/\/www.ocorreionews.com.br\/acervo-correio\/index.php?rest_route=%2Fwp%2Fv2%2Ftags&post=135256"}],"curies":[{"name":"wp","href":"https:\/\/api.w.org\/{rel}","templated":true}]}}