{"id":135264,"date":"2020-01-28T10:41:13","date_gmt":"2020-01-28T14:41:13","guid":{"rendered":"https:\/\/www.ocorreionews.com.br\/acervo-correio\/?p=135264"},"modified":"2020-01-28T13:57:13","modified_gmt":"2020-01-28T17:57:13","slug":"prefeito-joao-carlos-reajusta-os-salarios-dos-professores-do-municipio","status":"publish","type":"post","link":"https:\/\/www.ocorreionews.com.br\/acervo-correio\/?p=135264","title":{"rendered":"Prefeito Jo\u00e3o Carlos reajusta os sal\u00e1rios dos professores do munic\u00edpio"},"content":{"rendered":"<p>O Prefeito Jo\u00e3o Carlos Krug assinou e foi publicado na edi\u00e7\u00e3o desta segunda-feira, 27, do Di\u00e1rio Oficial do Munic\u00edpio, o DECRETO N\u00ba 3.226, que concede Revis\u00e3o Geral Anual aos Profissionais do Magist\u00e9rio P\u00fablico da Educa\u00e7\u00e3o B\u00e1sica.<\/p>\n<p>De acordo com o Decreto, fica concedido, a t\u00edtulo de revis\u00e3o geral anual, um reajuste de 4,5% (quatro e meio por cento) aos profissionais do magist\u00e9rio p\u00fablico da educa\u00e7\u00e3o b\u00e1sica do Munic\u00edpio de Chapad\u00e3o do Sul.<\/p>\n<p>As despesas decorrentes da presente Lei encontram previs\u00e3o na Lei Or\u00e7ament\u00e1ria Anual vigente para o presente exerc\u00edcio financeiro.<\/p>\n<p>O Decreto entra em vigor na data de sua publica\u00e7\u00e3o, tendo seus efeitos retroagidos a 1\u00ba de janeiro de 2020.<\/p>\n<p>&nbsp;<\/p>\n<p>&nbsp;<\/p>\n<p>*Assessoria<\/p>\n","protected":false},"excerpt":{"rendered":"<p>O Prefeito Jo\u00e3o Carlos Krug assinou e foi publicado na edi\u00e7\u00e3o desta segunda-feira, 27, do Di\u00e1rio Oficial do Munic\u00edpio, o DECRETO N\u00ba 3.226, que concede Revis\u00e3o Geral Anual aos Profissionais do Magist\u00e9rio P\u00fablico da Educa\u00e7\u00e3o B\u00e1sica. De acordo com o Decreto, fica concedido, a t\u00edtulo de revis\u00e3o geral anual, um reajuste de 4,5% (quatro e [&hellip;]<\/p>\n","protected":false},"author":5,"featured_media":135265,"comment_status":"closed","ping_status":"closed","sticky":false,"template":"","format":"standard","meta":{"footnotes":""},"categories":[23,41],"tags":[],"class_list":["post-135264","post","type-post","status-publish","format-standard","has-post-thumbnail","hentry","category-chapadao-do-sul","category-destaque"],"_links":{"self":[{"href":"https:\/\/www.ocorreionews.com.br\/acervo-correio\/index.php?rest_route=\/wp\/v2\/posts\/135264","targetHints":{"allow":["GET"]}}],"collection":[{"href":"https:\/\/www.ocorreionews.com.br\/acervo-correio\/index.php?rest_route=\/wp\/v2\/posts"}],"about":[{"href":"https:\/\/www.ocorreionews.com.br\/acervo-correio\/index.php?rest_route=\/wp\/v2\/types\/post"}],"author":[{"embeddable":true,"href":"https:\/\/www.ocorreionews.com.br\/acervo-correio\/index.php?rest_route=\/wp\/v2\/users\/5"}],"replies":[{"embeddable":true,"href":"https:\/\/www.ocorreionews.com.br\/acervo-correio\/index.php?rest_route=%2Fwp%2Fv2%2Fcomments&post=135264"}],"version-history":[{"count":1,"href":"https:\/\/www.ocorreionews.com.br\/acervo-correio\/index.php?rest_route=\/wp\/v2\/posts\/135264\/revisions"}],"predecessor-version":[{"id":135266,"href":"https:\/\/www.ocorreionews.com.br\/acervo-correio\/index.php?rest_route=\/wp\/v2\/posts\/135264\/revisions\/135266"}],"wp:featuredmedia":[{"embeddable":true,"href":"https:\/\/www.ocorreionews.com.br\/acervo-correio\/index.php?rest_route=\/wp\/v2\/media\/135265"}],"wp:attachment":[{"href":"https:\/\/www.ocorreionews.com.br\/acervo-correio\/index.php?rest_route=%2Fwp%2Fv2%2Fmedia&parent=135264"}],"wp:term":[{"taxonomy":"category","embeddable":true,"href":"https:\/\/www.ocorreionews.com.br\/acervo-correio\/index.php?rest_route=%2Fwp%2Fv2%2Fcategories&post=135264"},{"taxonomy":"post_tag","embeddable":true,"href":"https:\/\/www.ocorreionews.com.br\/acervo-correio\/index.php?rest_route=%2Fwp%2Fv2%2Ftags&post=135264"}],"curies":[{"name":"wp","href":"https:\/\/api.w.org\/{rel}","templated":true}]}}