{"id":13553,"date":"2015-10-26T22:23:35","date_gmt":"2015-10-27T01:23:35","guid":{"rendered":"https:\/\/ocorreionews.com.br\/?p=13553"},"modified":"2015-10-27T10:11:27","modified_gmt":"2015-10-27T13:11:27","slug":"pai-perde-controle-do-carro-e-bate-em-arvore-ao-levar-filho-para-hospital","status":"publish","type":"post","link":"https:\/\/www.ocorreionews.com.br\/acervo-correio\/?p=13553","title":{"rendered":"Pai perde controle do carro e bate em arvore ao levar filho para hospital"},"content":{"rendered":"<p>O desespero de ver seu\u00a0filho passando mal em casa e sair rapidamente em busca de socorro, acabou desconcentrado o pai J\u00falio Jos\u00e9 Ferreira da Silva, 32 anos, que perdeu o controle do ve\u00edculo e colidiu violentamente contra um \u00e1rvore em frente ao pr\u00e9dio da Promotoria P\u00fablica, localizado na Avenida Mato Grosso do Sul, que resultou em ferimentos graves em sua esposa, Ivanilda Maria da Silva e no filho menor de 3 anos.<\/p>\n<p>J\u00falio Jos\u00e9 Ferreira da Silva, trafegava no sentindo Parque Uni\u00e3o- Centro e acabou perdendo o controle do ve\u00edculo Renault, colidiu de frente contra a arvore e parou na cal\u00e7ada do pr\u00e9dio do Minist\u00e9rio P\u00fablico.<\/p>\n<p><em><strong><a href=\"https:\/\/ocorreionews.com.br\/2015\/10\/26\/acidente-na-avenida\/\">VEJA MAIS FOTOS<\/a><\/strong><\/em><\/p>\n<p>As primeira pessoas que chegaram no local, afirmaram que a mulher saiu de dentro do carro, com o filho no colo e sangrava pela a boca. A crian\u00e7a estava consciente, mas, chorava muito e foi levada por terceiro ao Hospital Municipal<\/p>\n<p>J\u00e1 o motorista, ficou preso nas ferragens\u00a0e reclamava muito de dores no peito.<\/p>\n<p>Os bombeiros e a equipe de socorristas da Cruz Vermelha, prestaram socorro as duas v\u00edtimas e encaminharam ao Hospital Municipal.<\/p>\n","protected":false},"excerpt":{"rendered":"<p>O desespero de ver seu\u00a0filho passando mal em casa e sair rapidamente em busca de socorro, acabou desconcentrado o pai J\u00falio Jos\u00e9 Ferreira da Silva, 32 anos, que perdeu o controle do ve\u00edculo e colidiu violentamente contra um \u00e1rvore em frente ao pr\u00e9dio da Promotoria P\u00fablica, localizado na Avenida Mato Grosso do Sul, que resultou [&hellip;]<\/p>\n","protected":false},"author":4,"featured_media":13541,"comment_status":"closed","ping_status":"closed","sticky":false,"template":"","format":"standard","meta":{"footnotes":""},"categories":[23,38],"tags":[],"class_list":["post-13553","post","type-post","status-publish","format-standard","has-post-thumbnail","hentry","category-chapadao-do-sul","category-policia"],"_links":{"self":[{"href":"https:\/\/www.ocorreionews.com.br\/acervo-correio\/index.php?rest_route=\/wp\/v2\/posts\/13553","targetHints":{"allow":["GET"]}}],"collection":[{"href":"https:\/\/www.ocorreionews.com.br\/acervo-correio\/index.php?rest_route=\/wp\/v2\/posts"}],"about":[{"href":"https:\/\/www.ocorreionews.com.br\/acervo-correio\/index.php?rest_route=\/wp\/v2\/types\/post"}],"author":[{"embeddable":true,"href":"https:\/\/www.ocorreionews.com.br\/acervo-correio\/index.php?rest_route=\/wp\/v2\/users\/4"}],"replies":[{"embeddable":true,"href":"https:\/\/www.ocorreionews.com.br\/acervo-correio\/index.php?rest_route=%2Fwp%2Fv2%2Fcomments&post=13553"}],"version-history":[{"count":0,"href":"https:\/\/www.ocorreionews.com.br\/acervo-correio\/index.php?rest_route=\/wp\/v2\/posts\/13553\/revisions"}],"wp:featuredmedia":[{"embeddable":true,"href":"https:\/\/www.ocorreionews.com.br\/acervo-correio\/index.php?rest_route=\/wp\/v2\/media\/13541"}],"wp:attachment":[{"href":"https:\/\/www.ocorreionews.com.br\/acervo-correio\/index.php?rest_route=%2Fwp%2Fv2%2Fmedia&parent=13553"}],"wp:term":[{"taxonomy":"category","embeddable":true,"href":"https:\/\/www.ocorreionews.com.br\/acervo-correio\/index.php?rest_route=%2Fwp%2Fv2%2Fcategories&post=13553"},{"taxonomy":"post_tag","embeddable":true,"href":"https:\/\/www.ocorreionews.com.br\/acervo-correio\/index.php?rest_route=%2Fwp%2Fv2%2Ftags&post=13553"}],"curies":[{"name":"wp","href":"https:\/\/api.w.org\/{rel}","templated":true}]}}