{"id":13556,"date":"2015-10-27T07:45:13","date_gmt":"2015-10-27T10:45:13","guid":{"rendered":"https:\/\/ocorreionews.com.br\/?p=13556"},"modified":"2015-10-27T07:48:26","modified_gmt":"2015-10-27T10:48:26","slug":"predio-do-esf-planalto-foi-destruido-pelo-vendaval","status":"publish","type":"post","link":"https:\/\/www.ocorreionews.com.br\/acervo-correio\/?p=13556","title":{"rendered":"Pr\u00e9dio do ESF Planalto foi destru\u00eddo pelo vendaval"},"content":{"rendered":"<p>O pr\u00e9dio do ESF da Fam\u00edlia, constru\u00eddo no Bairro Planalto, que nem foi inaugurada, foi praticamente destru\u00eddo no final da tarde desta segunda-feira, com o forte vendaval que castigou a cidade de Chapad\u00e3o do Sul.<\/p>\n<p>O pr\u00e9dio teve todo seu telhado destru\u00eddo, paredes n\u00e3o resistiram ao vento e ca\u00edram.<\/p>\n<p><a href=\"https:\/\/ocorreionews.com.br\/wp-content\/uploads\/2015\/10\/TEM2.jpg\"><img loading=\"lazy\" decoding=\"async\" class=\"alignnone size-medium wp-image-13557\" src=\"https:\/\/ocorreionews.com.br\/wp-content\/uploads\/2015\/10\/TEM2-295x300.jpg\" alt=\"TEM2\" width=\"295\" height=\"300\" srcset=\"https:\/\/www.ocorreionews.com.br\/acervo-correio\/wp-content\/uploads\/2015\/10\/TEM2-295x300.jpg 295w, https:\/\/www.ocorreionews.com.br\/acervo-correio\/wp-content\/uploads\/2015\/10\/TEM2.jpg 576w\" sizes=\"auto, (max-width: 295px) 100vw, 295px\" \/><\/a><\/p>\n<p>Al\u00e9m do pr\u00e9dio, as resid\u00eancias que ficam pr\u00f3ximo ao ESF, tiveram seus telhados destru\u00eddos.<\/p>\n<p><a href=\"https:\/\/ocorreionews.com.br\/wp-content\/uploads\/2015\/10\/TEM.jpg\"><img loading=\"lazy\" decoding=\"async\" class=\"alignnone size-full wp-image-13558\" src=\"https:\/\/ocorreionews.com.br\/wp-content\/uploads\/2015\/10\/TEM.jpg\" alt=\"TEM\" width=\"237\" height=\"284\" \/><\/a><\/p>\n<p>Muitos moradores, perderem moveis e eletrodom\u00e9sticos. N\u00e3o foi registrado nenhum acidente envolvendo moradores.<\/p>\n<p><a href=\"https:\/\/ocorreionews.com.br\/wp-content\/uploads\/2015\/10\/TEM3.jpg\"><img loading=\"lazy\" decoding=\"async\" class=\"alignnone size-medium wp-image-13560\" src=\"https:\/\/ocorreionews.com.br\/wp-content\/uploads\/2015\/10\/TEM3-300x298.jpg\" alt=\"TEM3\" width=\"300\" height=\"298\" srcset=\"https:\/\/www.ocorreionews.com.br\/acervo-correio\/wp-content\/uploads\/2015\/10\/TEM3-300x298.jpg 300w, https:\/\/www.ocorreionews.com.br\/acervo-correio\/wp-content\/uploads\/2015\/10\/TEM3-150x150.jpg 150w, https:\/\/www.ocorreionews.com.br\/acervo-correio\/wp-content\/uploads\/2015\/10\/TEM3.jpg 576w\" sizes=\"auto, (max-width: 300px) 100vw, 300px\" \/><\/a><\/p>\n<p>Mat\u00e9ria editada para acr\u00e9scimo de informa\u00e7\u00f5es<\/p>\n","protected":false},"excerpt":{"rendered":"<p>O pr\u00e9dio do ESF da Fam\u00edlia, constru\u00eddo no Bairro Planalto, que nem foi inaugurada, foi praticamente destru\u00eddo no final da tarde desta segunda-feira, com o forte vendaval que castigou a cidade de Chapad\u00e3o do Sul. O pr\u00e9dio teve todo seu telhado destru\u00eddo, paredes n\u00e3o resistiram ao vento e ca\u00edram. Al\u00e9m do pr\u00e9dio, as resid\u00eancias que [&hellip;]<\/p>\n","protected":false},"author":4,"featured_media":13561,"comment_status":"closed","ping_status":"closed","sticky":false,"template":"","format":"standard","meta":{"footnotes":""},"categories":[23],"tags":[],"class_list":["post-13556","post","type-post","status-publish","format-standard","has-post-thumbnail","hentry","category-chapadao-do-sul"],"_links":{"self":[{"href":"https:\/\/www.ocorreionews.com.br\/acervo-correio\/index.php?rest_route=\/wp\/v2\/posts\/13556","targetHints":{"allow":["GET"]}}],"collection":[{"href":"https:\/\/www.ocorreionews.com.br\/acervo-correio\/index.php?rest_route=\/wp\/v2\/posts"}],"about":[{"href":"https:\/\/www.ocorreionews.com.br\/acervo-correio\/index.php?rest_route=\/wp\/v2\/types\/post"}],"author":[{"embeddable":true,"href":"https:\/\/www.ocorreionews.com.br\/acervo-correio\/index.php?rest_route=\/wp\/v2\/users\/4"}],"replies":[{"embeddable":true,"href":"https:\/\/www.ocorreionews.com.br\/acervo-correio\/index.php?rest_route=%2Fwp%2Fv2%2Fcomments&post=13556"}],"version-history":[{"count":0,"href":"https:\/\/www.ocorreionews.com.br\/acervo-correio\/index.php?rest_route=\/wp\/v2\/posts\/13556\/revisions"}],"wp:featuredmedia":[{"embeddable":true,"href":"https:\/\/www.ocorreionews.com.br\/acervo-correio\/index.php?rest_route=\/wp\/v2\/media\/13561"}],"wp:attachment":[{"href":"https:\/\/www.ocorreionews.com.br\/acervo-correio\/index.php?rest_route=%2Fwp%2Fv2%2Fmedia&parent=13556"}],"wp:term":[{"taxonomy":"category","embeddable":true,"href":"https:\/\/www.ocorreionews.com.br\/acervo-correio\/index.php?rest_route=%2Fwp%2Fv2%2Fcategories&post=13556"},{"taxonomy":"post_tag","embeddable":true,"href":"https:\/\/www.ocorreionews.com.br\/acervo-correio\/index.php?rest_route=%2Fwp%2Fv2%2Ftags&post=13556"}],"curies":[{"name":"wp","href":"https:\/\/api.w.org\/{rel}","templated":true}]}}