{"id":13568,"date":"2015-10-27T07:31:22","date_gmt":"2015-10-27T10:31:22","guid":{"rendered":"https:\/\/ocorreionews.com.br\/?p=13568"},"modified":"2015-10-27T07:31:22","modified_gmt":"2015-10-27T10:31:22","slug":"bancarios-aceitam-proposta-e-voltam-ao-trabalho-apos-21-dias-de-greve","status":"publish","type":"post","link":"https:\/\/www.ocorreionews.com.br\/acervo-correio\/?p=13568","title":{"rendered":"Banc\u00e1rios aceitam proposta e voltam ao trabalho ap\u00f3s 21 dias de greve"},"content":{"rendered":"<div class=\"bloco_texto_span\">\n<p>Depois de 21 dias de greve, os banc\u00e1rios voltam ao trabalho nesta ter\u00e7a-feira (27). Reunida em assembleia agora a noite, com participa\u00e7\u00e3o de 250 trabalhadores, a categoria decidiu voltar ao trabalho amanh\u00e3 (26), aceitando a proposta dos bancos que ofereceram reajuste salarial de 10%.<\/p>\n<p>Ficou deifinido que as ag\u00eancias v\u00e3o trabalhar uma hora a mais, apenas internamente, sem atendimento ao p\u00fablico, entre os dias dias 4 de novembro (quando o acordo vai ser assinado ) e 5 de dezembro para suprir a demanda de servi\u00e7os que ficou represada nos 14 dias \u00fateis de paralisa\u00e7\u00e3o.<\/p>\n<p>A proposta apresentada pela Federa\u00e7\u00e3o Nacional dos Bancos (Fenaban) e que os banc\u00e1rios aceitaram, al\u00e9m do reajuste salarial de 10%, benef\u00edcios e participa\u00e7\u00e3o nos lucros, al\u00e9m de corre\u00e7\u00e3o de 14% no vale-refei\u00e7\u00e3o e no vale-alimenta\u00e7\u00e3o.<\/p>\n<p>Os bancos aceitaram tamb\u00e9m abonar 63% das horas dos trabalhadores de 6 horas, de um total de 84 horas, e 72% para os trabalhadores de 8 horas, de um total de 112 horas. Assim, ap\u00f3s a volta ao trabalho, os banc\u00e1rios compensariam, no m\u00e1ximo, uma hora por dia \u00fatil, at\u00e9 o dia 15 de dezembro.<\/p>\n<p>Inicialmente, os bancos ofereceram um reajuste de 5,5%, enquanto os banc\u00e1rios reivindicavam uma corre\u00e7\u00e3o de 16% nos sal\u00e1rios<\/p>\n<p><strong>2\u00ba greve consecutiva &#8211;\u00a0<\/strong>Pelo segundo ano consecutivo os banc\u00e1rios recorreram a um movimento grevista para alcan\u00e7ar suas reivindica\u00e7\u00f5es salarias. \u00a0No ano passado, os banc\u00e1rios fizeram uma greve entre 30 de setembro e 06 de outubro.<\/p>\n<p>Os trabalhadores pediam em reivindica\u00e7\u00e3o inicial reajuste salarial de 12,5%, al\u00e9m de piso salarial de R$ 2.979,25, PLR de tr\u00eas sal\u00e1rios mais parcela adicional de R$ 6.247 e 14\u00ba sal\u00e1rio. A categoria tamb\u00e9m pedia aumento nos valores de benef\u00edcios como vale-refei\u00e7\u00e3o, aux\u00edlio-creche, gratifica\u00e7\u00e3o de caixa, entre outros. A greve foi encerrada ap\u00f3s proposta da Fenaban de reajuste de 8,5% nos sal\u00e1rios e demais verbas salariais, de 9% nos pisos e 12,2% no vale-refei\u00e7\u00e3o.<\/p>\n<p>Em 2013, os trabalhadores do setor promoveram uma greve de 23 dias, que foi encerrada ap\u00f3s os bancos oferecerem reajuste de 8%, com ganho real de 1,82%. A dura\u00e7\u00e3o da greve na \u00e9poca fez a Confedera\u00e7\u00e3o Nacional de Dirigentes Lojistas (CNDL) pedir um acordo para o fim da paralisa\u00e7\u00e3o, temendo perdas de at\u00e9 30% nas vendas do varejo do in\u00edcio de outubro.<\/p>\n<h5>Fl\u00e1vio Paes e Alan Di\u00f3genes campograndenews<\/h5>\n<\/div>\n","protected":false},"excerpt":{"rendered":"<p>Depois de 21 dias de greve, os banc\u00e1rios voltam ao trabalho nesta ter\u00e7a-feira (27). Reunida em assembleia agora a noite, com participa\u00e7\u00e3o de 250 trabalhadores, a categoria decidiu voltar ao trabalho amanh\u00e3 (26), aceitando a proposta dos bancos que ofereceram reajuste salarial de 10%. Ficou deifinido que as ag\u00eancias v\u00e3o trabalhar uma hora a mais, [&hellip;]<\/p>\n","protected":false},"author":4,"featured_media":12359,"comment_status":"closed","ping_status":"closed","sticky":false,"template":"","format":"standard","meta":{"footnotes":""},"categories":[23,26],"tags":[],"class_list":["post-13568","post","type-post","status-publish","format-standard","has-post-thumbnail","hentry","category-chapadao-do-sul","category-economia"],"_links":{"self":[{"href":"https:\/\/www.ocorreionews.com.br\/acervo-correio\/index.php?rest_route=\/wp\/v2\/posts\/13568","targetHints":{"allow":["GET"]}}],"collection":[{"href":"https:\/\/www.ocorreionews.com.br\/acervo-correio\/index.php?rest_route=\/wp\/v2\/posts"}],"about":[{"href":"https:\/\/www.ocorreionews.com.br\/acervo-correio\/index.php?rest_route=\/wp\/v2\/types\/post"}],"author":[{"embeddable":true,"href":"https:\/\/www.ocorreionews.com.br\/acervo-correio\/index.php?rest_route=\/wp\/v2\/users\/4"}],"replies":[{"embeddable":true,"href":"https:\/\/www.ocorreionews.com.br\/acervo-correio\/index.php?rest_route=%2Fwp%2Fv2%2Fcomments&post=13568"}],"version-history":[{"count":0,"href":"https:\/\/www.ocorreionews.com.br\/acervo-correio\/index.php?rest_route=\/wp\/v2\/posts\/13568\/revisions"}],"wp:featuredmedia":[{"embeddable":true,"href":"https:\/\/www.ocorreionews.com.br\/acervo-correio\/index.php?rest_route=\/wp\/v2\/media\/12359"}],"wp:attachment":[{"href":"https:\/\/www.ocorreionews.com.br\/acervo-correio\/index.php?rest_route=%2Fwp%2Fv2%2Fmedia&parent=13568"}],"wp:term":[{"taxonomy":"category","embeddable":true,"href":"https:\/\/www.ocorreionews.com.br\/acervo-correio\/index.php?rest_route=%2Fwp%2Fv2%2Fcategories&post=13568"},{"taxonomy":"post_tag","embeddable":true,"href":"https:\/\/www.ocorreionews.com.br\/acervo-correio\/index.php?rest_route=%2Fwp%2Fv2%2Ftags&post=13568"}],"curies":[{"name":"wp","href":"https:\/\/api.w.org\/{rel}","templated":true}]}}