{"id":13570,"date":"2015-10-27T07:34:16","date_gmt":"2015-10-27T10:34:16","guid":{"rendered":"https:\/\/ocorreionews.com.br\/?p=13570"},"modified":"2015-10-27T07:41:04","modified_gmt":"2015-10-27T10:41:04","slug":"desembargador-do-trt-esteve-em-chapadao-do-sul-em-busca-de-convenio-prometido","status":"publish","type":"post","link":"https:\/\/www.ocorreionews.com.br\/acervo-correio\/?p=13570","title":{"rendered":"Desembargador do TRT esteve em Chapad\u00e3o do Sul em busca de conv\u00eanio prometido"},"content":{"rendered":"<p>A fim de solucionar a situa\u00e7\u00e3o de um conv\u00eanio prometido em janeiro de 2014 e que at\u00e9 agora n\u00e3o foi cumprido, o Dr. Jo\u00e3o de Deus Gomes de Souza, Desembargador vice-presidente\u00a0 e vice-corregedor do TRT 24\u00aa Regi\u00e3o, esteve no munic\u00edpio a fim de buscar esclarecimentos do poder p\u00fablico sobre o assunto.<\/p>\n<p>Na reuni\u00e3o com o desembargador tamb\u00e9m estavam Juliana Lim\u00e3o Lauro, Diretora de Secretaria da Vara do Trabalho de Cassil\u00e2ndia, Dr. Edilana Hirle da Silva Tresman Secret\u00e1ria Geral da OAB de Chapad\u00e3o do Sul al\u00e9m de membros da imprensa local.<\/p>\n<p>No ano de 2014, quando da instala\u00e7\u00e3o da unidade do TRT no munic\u00edpio, ficou acordado que seria firmado um conv\u00eanio entre Prefeitura, C\u00e2mara, TRT e OAB para a constru\u00e7\u00e3o ou aquisi\u00e7\u00e3o de um pr\u00e9dio para a unidade no munic\u00edpio, que atualmente funciona em um pr\u00e9dio alugado. Na \u00e9poca, ainda na gest\u00e3o da Presidente Rosemari Cruz, a c\u00e2mara se comprometeu em ajudar no conv\u00eanio e a OAB e o executivo tamb\u00e9m firmaram o compromisso.<\/p>\n<p>Acontece que posterior a isso, o executivo que era o respons\u00e1vel por dar andamento e coordenar a a\u00e7\u00e3o, n\u00e3o tirou do papel o que havia sido acordado, deixando adormecido o compromisso e dificultando o trabalho do TRT que necessita de um espa\u00e7o mais amplo para a execu\u00e7\u00e3o de seus trabalhos com mais agilidade.<\/p>\n<p><img loading=\"lazy\" decoding=\"async\" class=\"\" src=\"http:\/\/www.camarachapadaodosul.ms.gov.br\/uploads\/ckeditor\/pictures\/34\/content__MG_3939.jpg\" alt=\"\" width=\"534\" height=\"356\" \/><\/p>\n<p>O Desembargador questionou a n\u00e3o realiza\u00e7\u00e3o do conv\u00eanio mesmo j\u00e1 tendo se passado quase dois anos do compromisso assumido, segundo ele, Chapad\u00e3o do Sul foi a cidade escolhida para ser contemplada com a unidade do TRT e at\u00e9 agora o que foi acordado ainda n\u00e3o foi sequer discutido o seu in\u00edcio.<\/p>\n<p>Segundo a Presidente Sonia Maran, o compromisso assumido com a Presidente Rosemari em 2014 ser\u00e1 mantido nesta gest\u00e3o, que est\u00e1 a disposi\u00e7\u00e3o para que a situa\u00e7\u00e3o seja solucionada o mais breve poss\u00edvel, segundo ela, \u00e9 de grande import\u00e2ncia que o executivo tome a frente para que as partes possam cumprir o que foi combinado.<\/p>\n<p><strong>\u201cN\u00e3o se trata de uma devolu\u00e7\u00e3o da c\u00e2mara para a prefeitura, trata-se de um conv\u00eanio onde existem mais dois envolvidos al\u00e9m de executivo e legislativo, eu espero que o prefeito fa\u00e7a o seu papel e cumpra o que foi prometido, s\u00f3 assim vamos construir uma parceria entre TRT, OAB, Legislativo e Executivo\u201d<\/strong> \u2013 Enfatizou Sonia Maran.<\/p>\n<p>assessoria imprensa da c\u00e2mara<\/p>\n","protected":false},"excerpt":{"rendered":"<p>A fim de solucionar a situa\u00e7\u00e3o de um conv\u00eanio prometido em janeiro de 2014 e que at\u00e9 agora n\u00e3o foi cumprido, o Dr. Jo\u00e3o de Deus Gomes de Souza, Desembargador vice-presidente\u00a0 e vice-corregedor do TRT 24\u00aa Regi\u00e3o, esteve no munic\u00edpio a fim de buscar esclarecimentos do poder p\u00fablico sobre o assunto. Na reuni\u00e3o com o [&hellip;]<\/p>\n","protected":false},"author":4,"featured_media":13571,"comment_status":"closed","ping_status":"closed","sticky":false,"template":"","format":"standard","meta":{"footnotes":""},"categories":[20,23],"tags":[],"class_list":["post-13570","post","type-post","status-publish","format-standard","has-post-thumbnail","hentry","category-camara-municipal","category-chapadao-do-sul"],"_links":{"self":[{"href":"https:\/\/www.ocorreionews.com.br\/acervo-correio\/index.php?rest_route=\/wp\/v2\/posts\/13570","targetHints":{"allow":["GET"]}}],"collection":[{"href":"https:\/\/www.ocorreionews.com.br\/acervo-correio\/index.php?rest_route=\/wp\/v2\/posts"}],"about":[{"href":"https:\/\/www.ocorreionews.com.br\/acervo-correio\/index.php?rest_route=\/wp\/v2\/types\/post"}],"author":[{"embeddable":true,"href":"https:\/\/www.ocorreionews.com.br\/acervo-correio\/index.php?rest_route=\/wp\/v2\/users\/4"}],"replies":[{"embeddable":true,"href":"https:\/\/www.ocorreionews.com.br\/acervo-correio\/index.php?rest_route=%2Fwp%2Fv2%2Fcomments&post=13570"}],"version-history":[{"count":0,"href":"https:\/\/www.ocorreionews.com.br\/acervo-correio\/index.php?rest_route=\/wp\/v2\/posts\/13570\/revisions"}],"wp:featuredmedia":[{"embeddable":true,"href":"https:\/\/www.ocorreionews.com.br\/acervo-correio\/index.php?rest_route=\/wp\/v2\/media\/13571"}],"wp:attachment":[{"href":"https:\/\/www.ocorreionews.com.br\/acervo-correio\/index.php?rest_route=%2Fwp%2Fv2%2Fmedia&parent=13570"}],"wp:term":[{"taxonomy":"category","embeddable":true,"href":"https:\/\/www.ocorreionews.com.br\/acervo-correio\/index.php?rest_route=%2Fwp%2Fv2%2Fcategories&post=13570"},{"taxonomy":"post_tag","embeddable":true,"href":"https:\/\/www.ocorreionews.com.br\/acervo-correio\/index.php?rest_route=%2Fwp%2Fv2%2Ftags&post=13570"}],"curies":[{"name":"wp","href":"https:\/\/api.w.org\/{rel}","templated":true}]}}