{"id":13573,"date":"2015-10-27T07:36:40","date_gmt":"2015-10-27T10:36:40","guid":{"rendered":"https:\/\/ocorreionews.com.br\/?p=13573"},"modified":"2015-10-27T07:36:40","modified_gmt":"2015-10-27T10:36:40","slug":"apos-interdicao-obras-na-rodoviaria-sao-iniciadas-presidente-sonia-vistoriou-a-obra","status":"publish","type":"post","link":"https:\/\/www.ocorreionews.com.br\/acervo-correio\/?p=13573","title":{"rendered":"Ap\u00f3s interdi\u00e7\u00e3o, obras na rodovi\u00e1ria s\u00e3o iniciadas. Presidente Sonia vistoriou a Obra"},"content":{"rendered":"<p>Ap\u00f3s a interdi\u00e7\u00e3o parcial do pr\u00e9dio do terminal rodovi\u00e1rio de Chapad\u00e3o do Sul pelo Minist\u00e9rio P\u00fablico, a prefeitura contratou uma empresa para o desmanche da cobertura. Na manh\u00e3 de hoje (26) a Presidente da C\u00e2mara, Sonia Maran, esteve no local acompanhando de perto a obra.<\/p>\n<p>Segundo o respons\u00e1vel pela empresa contratada para o desmanche, em um prazo de vinte dias, toda a cobertura dever\u00e1 ser desmanchada. A referida cobertura \u00e9 apenas a que est\u00e1 sobre as plataformas de embarque e desembarque, pois foram as \u00fanicas prejudicadas, o restante do pr\u00e9dio n\u00e3o foi prejudicado pela a\u00e7\u00e3o do vento.<\/p>\n<p><img loading=\"lazy\" decoding=\"async\" class=\"\" src=\"http:\/\/www.camarachapadaodosul.ms.gov.br\/uploads\/ckeditor\/pictures\/35\/content_IMG_3857.jpg\" alt=\"\" width=\"582\" height=\"306\" \/><\/p>\n<p>Sonia Maran questionou a demora para o in\u00edcio das obras, uma vez que foram iniciadas apenas um m\u00eas ap\u00f3s o vendaval que causou os estragos no terminal rodovi\u00e1rio, segundo ela, ap\u00f3s isso foi decretado estado de emerg\u00eancia, o que isentou a prefeitura de um processo licitat\u00f3rio para o desmanche da estrutura.<\/p>\n<p>&nbsp;<\/p>\n<p><img loading=\"lazy\" decoding=\"async\" class=\"\" src=\"http:\/\/www.camarachapadaodosul.ms.gov.br\/uploads\/ckeditor\/pictures\/32\/content__MG_3898.jpg\" alt=\"\" width=\"584\" height=\"343\" \/><\/p>\n<p><strong>\u201cTudo est\u00e1 seguindo corretamente no local agora, mas \u00e9 uma pena que foi necess\u00e1rio a interdi\u00e7\u00e3o por meio do Minist\u00e9rio P\u00fablico para que o executivo tomasse uma provid\u00eancia, a estrutura ficou oferecendo risco a popula\u00e7\u00e3o por mais de trinta dias isso muito nos preocupa, nosso prefeito precisa entender que n\u00e3o se constr\u00f3i o desenvolvimento da cidade a base do empurr\u00e3o\u201d <\/strong>Afirmou Sonia Maran.<\/p>\n<p>A empresa foi contratada apenas para o desmanche da cobertura, posteriormente um novo projeto dever\u00e1 ser feito para a constru\u00e7\u00e3o e uma nova cobertura.<\/p>\n<p>Assessoria de imprensa CM<\/p>\n","protected":false},"excerpt":{"rendered":"<p>Ap\u00f3s a interdi\u00e7\u00e3o parcial do pr\u00e9dio do terminal rodovi\u00e1rio de Chapad\u00e3o do Sul pelo Minist\u00e9rio P\u00fablico, a prefeitura contratou uma empresa para o desmanche da cobertura. Na manh\u00e3 de hoje (26) a Presidente da C\u00e2mara, Sonia Maran, esteve no local acompanhando de perto a obra. Segundo o respons\u00e1vel pela empresa contratada para o desmanche, em [&hellip;]<\/p>\n","protected":false},"author":4,"featured_media":13574,"comment_status":"closed","ping_status":"closed","sticky":false,"template":"","format":"standard","meta":{"footnotes":""},"categories":[20],"tags":[],"class_list":["post-13573","post","type-post","status-publish","format-standard","has-post-thumbnail","hentry","category-camara-municipal"],"_links":{"self":[{"href":"https:\/\/www.ocorreionews.com.br\/acervo-correio\/index.php?rest_route=\/wp\/v2\/posts\/13573","targetHints":{"allow":["GET"]}}],"collection":[{"href":"https:\/\/www.ocorreionews.com.br\/acervo-correio\/index.php?rest_route=\/wp\/v2\/posts"}],"about":[{"href":"https:\/\/www.ocorreionews.com.br\/acervo-correio\/index.php?rest_route=\/wp\/v2\/types\/post"}],"author":[{"embeddable":true,"href":"https:\/\/www.ocorreionews.com.br\/acervo-correio\/index.php?rest_route=\/wp\/v2\/users\/4"}],"replies":[{"embeddable":true,"href":"https:\/\/www.ocorreionews.com.br\/acervo-correio\/index.php?rest_route=%2Fwp%2Fv2%2Fcomments&post=13573"}],"version-history":[{"count":0,"href":"https:\/\/www.ocorreionews.com.br\/acervo-correio\/index.php?rest_route=\/wp\/v2\/posts\/13573\/revisions"}],"wp:featuredmedia":[{"embeddable":true,"href":"https:\/\/www.ocorreionews.com.br\/acervo-correio\/index.php?rest_route=\/wp\/v2\/media\/13574"}],"wp:attachment":[{"href":"https:\/\/www.ocorreionews.com.br\/acervo-correio\/index.php?rest_route=%2Fwp%2Fv2%2Fmedia&parent=13573"}],"wp:term":[{"taxonomy":"category","embeddable":true,"href":"https:\/\/www.ocorreionews.com.br\/acervo-correio\/index.php?rest_route=%2Fwp%2Fv2%2Fcategories&post=13573"},{"taxonomy":"post_tag","embeddable":true,"href":"https:\/\/www.ocorreionews.com.br\/acervo-correio\/index.php?rest_route=%2Fwp%2Fv2%2Ftags&post=13573"}],"curies":[{"name":"wp","href":"https:\/\/api.w.org\/{rel}","templated":true}]}}