{"id":13576,"date":"2015-10-27T07:38:49","date_gmt":"2015-10-27T10:38:49","guid":{"rendered":"https:\/\/ocorreionews.com.br\/?p=13576"},"modified":"2015-10-27T07:38:49","modified_gmt":"2015-10-27T10:38:49","slug":"projeto-de-lei-de-uso-e-ocupacao-e-apresentado-aos-arquitetos-do-municipio","status":"publish","type":"post","link":"https:\/\/www.ocorreionews.com.br\/acervo-correio\/?p=13576","title":{"rendered":"Projeto de lei de uso e ocupa\u00e7\u00e3o \u00e9 apresentado aos arquitetos do munic\u00edpio"},"content":{"rendered":"<p>A Presidente da C\u00e2mara de Chapad\u00e3o do Sul, reuniu-se na manh\u00e3 de hoje (26) com alguns arquitetos do munic\u00edpio para a apresenta\u00e7\u00e3o do Projeto de Lei de uso e ocupa\u00e7\u00e3o de solo, o qual ser\u00e1 votado na 1082\u00ba Sess\u00e3o ordin\u00e1ria desta segunda-feira.<\/p>\n<p>Segundo ela, a reuni\u00e3o teve por objetivo ouvir a classe que mais necessitar\u00e1 de um projeto adequado a realidade do munic\u00edpio. Sonia citou que aqueles que trabalham diretamente com o solo e com o espa\u00e7o de Chapad\u00e3o do Sul precisam opinar e dar suas sugest\u00f5es para que o projeto de lei trate da realidade vivida em Chapad\u00e3o do Sul e beneficie a todos.<\/p>\n<p>Sonia citou ainda que a cidade est\u00e1 crescendo cada vez mais e \u00e9 necess\u00e1rio que o projeto abranja a realidade de Chapad\u00e3o do Sul como um todo, e para isso \u00e9 de grande import\u00e2ncia que aqueles que trabalham na constru\u00e7\u00e3o da cidade apresentem seu parecer sobre o que ser\u00e1 hoje votado.<\/p>\n<p><strong>\u201cA vis\u00e3o deles \u00e9 muito mais ampla que a nossa, e precis\u00e1vamos de um parecer positivo para que possamos votar tranquilos, afinal, \u00e9 o momento de nos unirmos para construirmos uma cidade melhor para todos\u201d<\/strong> Enfatizou a vereadora.<\/p>\n<p>Assessoria da Camara<\/p>\n","protected":false},"excerpt":{"rendered":"<p>A Presidente da C\u00e2mara de Chapad\u00e3o do Sul, reuniu-se na manh\u00e3 de hoje (26) com alguns arquitetos do munic\u00edpio para a apresenta\u00e7\u00e3o do Projeto de Lei de uso e ocupa\u00e7\u00e3o de solo, o qual ser\u00e1 votado na 1082\u00ba Sess\u00e3o ordin\u00e1ria desta segunda-feira. Segundo ela, a reuni\u00e3o teve por objetivo ouvir a classe que mais necessitar\u00e1 [&hellip;]<\/p>\n","protected":false},"author":4,"featured_media":13577,"comment_status":"closed","ping_status":"closed","sticky":false,"template":"","format":"standard","meta":{"footnotes":""},"categories":[20],"tags":[],"class_list":["post-13576","post","type-post","status-publish","format-standard","has-post-thumbnail","hentry","category-camara-municipal"],"_links":{"self":[{"href":"https:\/\/www.ocorreionews.com.br\/acervo-correio\/index.php?rest_route=\/wp\/v2\/posts\/13576","targetHints":{"allow":["GET"]}}],"collection":[{"href":"https:\/\/www.ocorreionews.com.br\/acervo-correio\/index.php?rest_route=\/wp\/v2\/posts"}],"about":[{"href":"https:\/\/www.ocorreionews.com.br\/acervo-correio\/index.php?rest_route=\/wp\/v2\/types\/post"}],"author":[{"embeddable":true,"href":"https:\/\/www.ocorreionews.com.br\/acervo-correio\/index.php?rest_route=\/wp\/v2\/users\/4"}],"replies":[{"embeddable":true,"href":"https:\/\/www.ocorreionews.com.br\/acervo-correio\/index.php?rest_route=%2Fwp%2Fv2%2Fcomments&post=13576"}],"version-history":[{"count":0,"href":"https:\/\/www.ocorreionews.com.br\/acervo-correio\/index.php?rest_route=\/wp\/v2\/posts\/13576\/revisions"}],"wp:featuredmedia":[{"embeddable":true,"href":"https:\/\/www.ocorreionews.com.br\/acervo-correio\/index.php?rest_route=\/wp\/v2\/media\/13577"}],"wp:attachment":[{"href":"https:\/\/www.ocorreionews.com.br\/acervo-correio\/index.php?rest_route=%2Fwp%2Fv2%2Fmedia&parent=13576"}],"wp:term":[{"taxonomy":"category","embeddable":true,"href":"https:\/\/www.ocorreionews.com.br\/acervo-correio\/index.php?rest_route=%2Fwp%2Fv2%2Fcategories&post=13576"},{"taxonomy":"post_tag","embeddable":true,"href":"https:\/\/www.ocorreionews.com.br\/acervo-correio\/index.php?rest_route=%2Fwp%2Fv2%2Ftags&post=13576"}],"curies":[{"name":"wp","href":"https:\/\/api.w.org\/{rel}","templated":true}]}}