{"id":136935,"date":"2020-02-21T08:36:39","date_gmt":"2020-02-21T12:36:39","guid":{"rendered":"https:\/\/www.ocorreionews.com.br\/acervo-correio\/?p=136935"},"modified":"2020-02-21T08:36:39","modified_gmt":"2020-02-21T12:36:39","slug":"pc-e-pm-de-costa-rica-receberao-reforcos-durante-o-carnaval","status":"publish","type":"post","link":"https:\/\/www.ocorreionews.com.br\/acervo-correio\/?p=136935","title":{"rendered":"PC e PM de Costa Rica receber\u00e3o refor\u00e7os durante o carnaval"},"content":{"rendered":"<p>Durante o per\u00edodo de carnaval a Pol\u00edcia Civil de Costa Rica receber\u00e1 refor\u00e7o de quatro policiais, al\u00e9m disso, de acordo com o Delegado Titular Cleverson Alves dos Santos, ser\u00e3o feitas escalas extras com policiais que j\u00e1 integram a delegacia.<\/p>\n<p><img loading=\"lazy\" decoding=\"async\" class=\"\" src=\"http:\/\/www.mstododia.com.br\/uploads\/images\/55a7ead2-82a9-499b-86b3-8aef355b9244.jpg\" alt=\"\" width=\"588\" height=\"389\" \/><\/p>\n<p>A seguran\u00e7a nas imedia\u00e7\u00f5es do evento ser\u00e1 intensificada, tamb\u00e9m em parceria com o Conselho Tutelar e outros \u00f3rg\u00e3os, trabalhando a preven\u00e7\u00e3o.<\/p>\n<p>De acordo com a Tenente Coronel da Pol\u00edcia Militar Katiane, a guarni\u00e7\u00e3o de Costa Rica tamb\u00e9m receber\u00e1 refor\u00e7o no efetivo vindo de Campo Grande, para atuar nos dias da folia na cidade.<\/p>\n<p>&nbsp;<\/p>\n<p>&nbsp;<\/p>\n<p>&nbsp;<\/p>\n<p><span class=\"data fz12 black uppercase\"> * MS Todo Dia <\/span><\/p>\n","protected":false},"excerpt":{"rendered":"<p>Durante o per\u00edodo de carnaval a Pol\u00edcia Civil de Costa Rica receber\u00e1 refor\u00e7o de quatro policiais, al\u00e9m disso, de acordo com o Delegado Titular Cleverson Alves dos Santos, ser\u00e3o feitas escalas extras com policiais que j\u00e1 integram a delegacia. A seguran\u00e7a nas imedia\u00e7\u00f5es do evento ser\u00e1 intensificada, tamb\u00e9m em parceria com o Conselho Tutelar e [&hellip;]<\/p>\n","protected":false},"author":5,"featured_media":136937,"comment_status":"closed","ping_status":"closed","sticky":false,"template":"","format":"standard","meta":{"footnotes":""},"categories":[25],"tags":[],"class_list":["post-136935","post","type-post","status-publish","format-standard","has-post-thumbnail","hentry","category-costa-rica"],"_links":{"self":[{"href":"https:\/\/www.ocorreionews.com.br\/acervo-correio\/index.php?rest_route=\/wp\/v2\/posts\/136935","targetHints":{"allow":["GET"]}}],"collection":[{"href":"https:\/\/www.ocorreionews.com.br\/acervo-correio\/index.php?rest_route=\/wp\/v2\/posts"}],"about":[{"href":"https:\/\/www.ocorreionews.com.br\/acervo-correio\/index.php?rest_route=\/wp\/v2\/types\/post"}],"author":[{"embeddable":true,"href":"https:\/\/www.ocorreionews.com.br\/acervo-correio\/index.php?rest_route=\/wp\/v2\/users\/5"}],"replies":[{"embeddable":true,"href":"https:\/\/www.ocorreionews.com.br\/acervo-correio\/index.php?rest_route=%2Fwp%2Fv2%2Fcomments&post=136935"}],"version-history":[{"count":1,"href":"https:\/\/www.ocorreionews.com.br\/acervo-correio\/index.php?rest_route=\/wp\/v2\/posts\/136935\/revisions"}],"predecessor-version":[{"id":136940,"href":"https:\/\/www.ocorreionews.com.br\/acervo-correio\/index.php?rest_route=\/wp\/v2\/posts\/136935\/revisions\/136940"}],"wp:featuredmedia":[{"embeddable":true,"href":"https:\/\/www.ocorreionews.com.br\/acervo-correio\/index.php?rest_route=\/wp\/v2\/media\/136937"}],"wp:attachment":[{"href":"https:\/\/www.ocorreionews.com.br\/acervo-correio\/index.php?rest_route=%2Fwp%2Fv2%2Fmedia&parent=136935"}],"wp:term":[{"taxonomy":"category","embeddable":true,"href":"https:\/\/www.ocorreionews.com.br\/acervo-correio\/index.php?rest_route=%2Fwp%2Fv2%2Fcategories&post=136935"},{"taxonomy":"post_tag","embeddable":true,"href":"https:\/\/www.ocorreionews.com.br\/acervo-correio\/index.php?rest_route=%2Fwp%2Fv2%2Ftags&post=136935"}],"curies":[{"name":"wp","href":"https:\/\/api.w.org\/{rel}","templated":true}]}}