{"id":136938,"date":"2020-02-21T08:35:28","date_gmt":"2020-02-21T12:35:28","guid":{"rendered":"https:\/\/www.ocorreionews.com.br\/acervo-correio\/?p=136938"},"modified":"2020-02-21T08:35:28","modified_gmt":"2020-02-21T12:35:28","slug":"flagrado-saindo-de-bar-dando-arrancada-homem-e-preso-por-dirigir-embriagado-em-chapadao-do-sul","status":"publish","type":"post","link":"https:\/\/www.ocorreionews.com.br\/acervo-correio\/?p=136938","title":{"rendered":"Flagrado saindo de bar dando arrancada, homem \u00e9 preso por dirigir embriagado em Chapad\u00e3o do Sul"},"content":{"rendered":"<p>Homem de 37 anos foi preso pela Pol\u00edcia Militar na noite desta quinta-feira (20), em Chapad\u00e3o do Sul, depois de ser flagrado dirigindo embriagado na regi\u00e3o do bairro Esperan\u00e7a.<\/p>\n<p>Conforme boletim de ocorr\u00eancia, policiais faziam rondas pela Rua 16, quando avistaram o suspeito saindo bar, entrando em um Siena vermelho e saindo em arrancada.<\/p>\n<p>Por este motivo, a equipe decidiu abord\u00e1-lo, ocasi\u00e3o em que constatou que ele apresentava vis\u00edveis sinais de embriaguez. Questionado, confessou que tinha bebido e foi preso.<\/p>\n<p>&nbsp;<\/p>\n<p><span class=\"data fz12 black uppercase\"> Fonte: MS Todo Dia <\/span><\/p>\n","protected":false},"excerpt":{"rendered":"<p>Homem de 37 anos foi preso pela Pol\u00edcia Militar na noite desta quinta-feira (20), em Chapad\u00e3o do Sul, depois de ser flagrado dirigindo embriagado na regi\u00e3o do bairro Esperan\u00e7a. Conforme boletim de ocorr\u00eancia, policiais faziam rondas pela Rua 16, quando avistaram o suspeito saindo bar, entrando em um Siena vermelho e saindo em arrancada. Por [&hellip;]<\/p>\n","protected":false},"author":5,"featured_media":103971,"comment_status":"closed","ping_status":"closed","sticky":false,"template":"","format":"standard","meta":{"footnotes":""},"categories":[23,38],"tags":[],"class_list":["post-136938","post","type-post","status-publish","format-standard","has-post-thumbnail","hentry","category-chapadao-do-sul","category-policia"],"_links":{"self":[{"href":"https:\/\/www.ocorreionews.com.br\/acervo-correio\/index.php?rest_route=\/wp\/v2\/posts\/136938","targetHints":{"allow":["GET"]}}],"collection":[{"href":"https:\/\/www.ocorreionews.com.br\/acervo-correio\/index.php?rest_route=\/wp\/v2\/posts"}],"about":[{"href":"https:\/\/www.ocorreionews.com.br\/acervo-correio\/index.php?rest_route=\/wp\/v2\/types\/post"}],"author":[{"embeddable":true,"href":"https:\/\/www.ocorreionews.com.br\/acervo-correio\/index.php?rest_route=\/wp\/v2\/users\/5"}],"replies":[{"embeddable":true,"href":"https:\/\/www.ocorreionews.com.br\/acervo-correio\/index.php?rest_route=%2Fwp%2Fv2%2Fcomments&post=136938"}],"version-history":[{"count":1,"href":"https:\/\/www.ocorreionews.com.br\/acervo-correio\/index.php?rest_route=\/wp\/v2\/posts\/136938\/revisions"}],"predecessor-version":[{"id":136939,"href":"https:\/\/www.ocorreionews.com.br\/acervo-correio\/index.php?rest_route=\/wp\/v2\/posts\/136938\/revisions\/136939"}],"wp:featuredmedia":[{"embeddable":true,"href":"https:\/\/www.ocorreionews.com.br\/acervo-correio\/index.php?rest_route=\/wp\/v2\/media\/103971"}],"wp:attachment":[{"href":"https:\/\/www.ocorreionews.com.br\/acervo-correio\/index.php?rest_route=%2Fwp%2Fv2%2Fmedia&parent=136938"}],"wp:term":[{"taxonomy":"category","embeddable":true,"href":"https:\/\/www.ocorreionews.com.br\/acervo-correio\/index.php?rest_route=%2Fwp%2Fv2%2Fcategories&post=136938"},{"taxonomy":"post_tag","embeddable":true,"href":"https:\/\/www.ocorreionews.com.br\/acervo-correio\/index.php?rest_route=%2Fwp%2Fv2%2Ftags&post=136938"}],"curies":[{"name":"wp","href":"https:\/\/api.w.org\/{rel}","templated":true}]}}