{"id":136945,"date":"2020-02-21T08:53:09","date_gmt":"2020-02-21T12:53:09","guid":{"rendered":"https:\/\/www.ocorreionews.com.br\/acervo-correio\/?p=136945"},"modified":"2020-02-21T08:53:09","modified_gmt":"2020-02-21T12:53:09","slug":"durante-discussao-major-da-pm-atira-contra-o-ex-namorado","status":"publish","type":"post","link":"https:\/\/www.ocorreionews.com.br\/acervo-correio\/?p=136945","title":{"rendered":"Durante discuss\u00e3o, major da PM atira contra o ex-namorado"},"content":{"rendered":"<p>Morreu na Santa Casa de Campo Grande Hil\u00e1rio Bueno de Camargo, de 52 anos, baleado na cabe\u00e7a pela major da Pol\u00edcia Militar, de 46 anos, que n\u00e3o teve o nome divulgado,na tarde desta quinta-feira (20) na Vila Carvalho.<\/p>\n<p>O paciente foi atendido pelo Samu (Servi\u00e7o de Atendimento M\u00f3vel de Urg\u00eancia) e internado na unidade em estado grav\u00edssimo \u00e0s 18h09.<\/p>\n<p>Ele havia sido estabilizado na \u00e1rea vermelha do pronto-socorro, mas acabou morrendo no come\u00e7o desta noite. Ainda conforme apurado pela reportagem, a v\u00edtima j\u00e1 foi reconhecida por familiares.<\/p>\n<p><strong>O caso \u2013<\/strong> O homem era ex-namorado da major da Pol\u00edcia Militar. Segundo informa\u00e7\u00f5es da delegada B\u00e1rbara Camargo Alves, da Deam (Delegacia Especializada em Atendimento \u00e0 Mulher), a major foi abordada por Hil\u00e1rio no momento em que chegava em casa. Ele estava armado com uma faca.<\/p>\n<p>Durante a briga, para se defender, a mulher deu um tiro na cabe\u00e7a do ex. Em setembro do ano passado a major registrou um boletim de ocorr\u00eancia contra o homem por viol\u00eancia dom\u00e9stica. Ela tinha medida protetiva contra o ex-namorado.<\/p>\n<p>No Facebook, Hil\u00e1rio costuma fazer postagem sobre relacionamentos como &#8220;N\u00e3o namore algu\u00e9m que bloqueia o celular. O amor n\u00e3o tem senha&#8221;.<\/p>\n<p>&nbsp;<\/p>\n<p>&nbsp;<\/p>\n<p>Campo Grande News &#8211; Adriano Fernandes e Kerolyn Ara\u00fajo<\/p>\n","protected":false},"excerpt":{"rendered":"<p>Morreu na Santa Casa de Campo Grande Hil\u00e1rio Bueno de Camargo, de 52 anos, baleado na cabe\u00e7a pela major da Pol\u00edcia Militar, de 46 anos, que n\u00e3o teve o nome divulgado,na tarde desta quinta-feira (20) na Vila Carvalho. O paciente foi atendido pelo Samu (Servi\u00e7o de Atendimento M\u00f3vel de Urg\u00eancia) e internado na unidade em [&hellip;]<\/p>\n","protected":false},"author":5,"featured_media":136946,"comment_status":"closed","ping_status":"closed","sticky":false,"template":"","format":"standard","meta":{"footnotes":""},"categories":[38],"tags":[],"class_list":["post-136945","post","type-post","status-publish","format-standard","has-post-thumbnail","hentry","category-policia"],"_links":{"self":[{"href":"https:\/\/www.ocorreionews.com.br\/acervo-correio\/index.php?rest_route=\/wp\/v2\/posts\/136945","targetHints":{"allow":["GET"]}}],"collection":[{"href":"https:\/\/www.ocorreionews.com.br\/acervo-correio\/index.php?rest_route=\/wp\/v2\/posts"}],"about":[{"href":"https:\/\/www.ocorreionews.com.br\/acervo-correio\/index.php?rest_route=\/wp\/v2\/types\/post"}],"author":[{"embeddable":true,"href":"https:\/\/www.ocorreionews.com.br\/acervo-correio\/index.php?rest_route=\/wp\/v2\/users\/5"}],"replies":[{"embeddable":true,"href":"https:\/\/www.ocorreionews.com.br\/acervo-correio\/index.php?rest_route=%2Fwp%2Fv2%2Fcomments&post=136945"}],"version-history":[{"count":1,"href":"https:\/\/www.ocorreionews.com.br\/acervo-correio\/index.php?rest_route=\/wp\/v2\/posts\/136945\/revisions"}],"predecessor-version":[{"id":136947,"href":"https:\/\/www.ocorreionews.com.br\/acervo-correio\/index.php?rest_route=\/wp\/v2\/posts\/136945\/revisions\/136947"}],"wp:featuredmedia":[{"embeddable":true,"href":"https:\/\/www.ocorreionews.com.br\/acervo-correio\/index.php?rest_route=\/wp\/v2\/media\/136946"}],"wp:attachment":[{"href":"https:\/\/www.ocorreionews.com.br\/acervo-correio\/index.php?rest_route=%2Fwp%2Fv2%2Fmedia&parent=136945"}],"wp:term":[{"taxonomy":"category","embeddable":true,"href":"https:\/\/www.ocorreionews.com.br\/acervo-correio\/index.php?rest_route=%2Fwp%2Fv2%2Fcategories&post=136945"},{"taxonomy":"post_tag","embeddable":true,"href":"https:\/\/www.ocorreionews.com.br\/acervo-correio\/index.php?rest_route=%2Fwp%2Fv2%2Ftags&post=136945"}],"curies":[{"name":"wp","href":"https:\/\/api.w.org\/{rel}","templated":true}]}}