{"id":136950,"date":"2020-02-21T09:05:17","date_gmt":"2020-02-21T13:05:17","guid":{"rendered":"https:\/\/www.ocorreionews.com.br\/acervo-correio\/?p=136950"},"modified":"2020-02-21T09:05:17","modified_gmt":"2020-02-21T13:05:17","slug":"posto-de-atendimento-eleitoral-em-paraiso-das-aguas-abrira-ao-sabados","status":"publish","type":"post","link":"https:\/\/www.ocorreionews.com.br\/acervo-correio\/?p=136950","title":{"rendered":"Posto de Atendimento Eleitoral em Para\u00edso das \u00c1guas abrir\u00e1 ao s\u00e1bados"},"content":{"rendered":"<p><span style=\"font-size: small;\">Portaria que determina a abertura do Posto de Atendimento Eleitoral em Para\u00edso das \u00c1guas nos s\u00e1bados, das 8 \u00e0s 14h.<\/span><\/p>\n<p style=\"text-align: center;\">TRIBUNAL REGIONAL ELEITORAL DE MATO GROSSO DO SUL<\/p>\n<p class=\"Texto_Centralizado_Maiusculas\" style=\"text-align: center;\">Portaria N\u00ba 3\/2020 TRE\/ZE048<\/p>\n<p class=\"Texto_Cita\u00e7\u00e3o\">O Doutor <strong>Silvio C\u00e9zar Prado<\/strong>, MM. Juiz desta 48\u00aa Zona Eleitoral, Circunscri\u00e7\u00e3o Eleitoral do Estado de Mato Grosso do Sul, no uso de suas atribui\u00e7\u00f5es legais,<\/p>\n<p class=\"Texto_Justificado_Recuo_Primeira_Linha\"><strong>CONSIDERANDO<\/strong>\u00a0 o disposto nas Resolu\u00e7\u00f5es\u00a0TRE\/MS n.\u00ba 580 e 651, que disp\u00f5em sobre instru\u00e7\u00f5es disciplinadoras para realiza\u00e7\u00e3o da revis\u00e3o do eleitorado;<\/p>\n<p class=\"Texto_Justificado_Recuo_Primeira_Linha\"><strong>CONSIDERANDO\u00a0<\/strong>a autoriza\u00e7\u00e3o para abertura do cart\u00f3rio concedida pelo Diretor Geral do TRE\/MS no Processo SEI n\u00ba 0001523-19.2020.6.12.8048;<\/p>\n<p class=\"Texto_Justificado_Recuo_Primeira_Linha\"><strong>CONSEIDERANDO<\/strong> a capacidade de atendimento biom\u00e9trico\u00a0 no Posto de Atendimento Eleitoral de Para\u00edso das \u00c1guas\u00a0 e o aumento significativo da procura por atendimento, em raz\u00e3o do revis\u00e3o obrigat\u00f3ria;<\/p>\n<p class=\"Texto_Justificado_Recuo_Primeira_Linha\"><strong>CONSIDERANDO<\/strong> a necessidade garantir aos cidad\u00e3os o efetivo acesso aos servi\u00e7os da Justi\u00e7a Eleitoral e a impossibilidade de muitos cidad\u00e3os \u00a0comparecerem ao posto de atendimento em dias de semana no per\u00edodo vespertino, seja por incompatibilidade com o hor\u00e1rio de atendimento ou por residirem em locais distantes;<\/p>\n<p class=\"Texto_Justificado_Recuo_Primeira_Linha\"><strong>RESOLVE:<\/strong><\/p>\n<p class=\"Texto_Justificado_Recuo_Primeira_Linha\"><strong>Art. 1\u00ba<\/strong> \u2013\u00a0 Determinar a abertura do Posto de Atendimento Eleitoral de Para\u00edso das \u00c1guas\/MS, nos s\u00e1bados dias: 29 de fevereiro, 07 de mar\u00e7o, 14 de mar\u00e7o, 21 de mar\u00e7o e 28 de mar\u00e7o; das 8 \u00e0s 14h.<\/p>\n<p class=\"Texto_Justificado_Recuo_Primeira_Linha\"><strong>Art. 2\u00ba<\/strong> \u2013\u00a0 Autorizar a limita\u00e7\u00e3o da distribui\u00e7\u00e3o de senhas, conforme a capacidade de equipamentos e de pessoal.<\/p>\n<p class=\"Texto_Justificado_Recuo_Primeira_Linha\"><strong>Art. 3\u00ba<\/strong> \u2013 Determinar a ampla divulga\u00e7\u00e3o dos atendimentos extraordin\u00e1rios estabelecidos por esta portaria, nos meios de comunica\u00e7\u00e3o de Para\u00edso das \u00c1guas e Chapad\u00e3o do Sul.<\/p>\n<p class=\"Texto_Justificado_Recuo_Primeira_Linha\"><strong>Art. 4\u00ba<\/strong> \u2013 Esta portaria entra em vigor na data de sua assinatura.<\/p>\n<p class=\"Texto_Justificado_Recuo_Primeira_Linha\">Comunique-se a Corregedoria Regional Eleitoral, a Coordenadoria de Cadastro e Log\u00edstica de Elei\u00e7\u00f5es e a Coordenadoria de Pessoal do Tribunal Regional Eleitoral de Mato Grosso do Sul para devido registro.<\/p>\n<p class=\"Texto_Justificado_Recuo_Primeira_Linha\">Publique-se. Cumpra-se.<\/p>\n<p class=\"Texto_Justificado_Recuo_Primeira_Linha\">\n<p class=\"Texto_Centralizado\" style=\"text-align: center;\"><em><strong>Silvio C\u00e9zar Prado<\/strong><\/em><\/p>\n<p class=\"Texto_Centralizado\" style=\"text-align: center;\"><strong>Juiz Eleitoral<\/strong><\/p>\n<p class=\"Texto_Justificado_Recuo_Primeira_Linha\">\n<p>Chapad\u00e3o do Sul, 19 de fevereiro de 2020.<\/p>\n","protected":false},"excerpt":{"rendered":"<p>Portaria que determina a abertura do Posto de Atendimento Eleitoral em Para\u00edso das \u00c1guas nos s\u00e1bados, das 8 \u00e0s 14h. TRIBUNAL REGIONAL ELEITORAL DE MATO GROSSO DO SUL Portaria N\u00ba 3\/2020 TRE\/ZE048 O Doutor Silvio C\u00e9zar Prado, MM. Juiz desta 48\u00aa Zona Eleitoral, Circunscri\u00e7\u00e3o Eleitoral do Estado de Mato Grosso do Sul, no uso de [&hellip;]<\/p>\n","protected":false},"author":5,"featured_media":136339,"comment_status":"closed","ping_status":"closed","sticky":false,"template":"","format":"standard","meta":{"footnotes":""},"categories":[36],"tags":[],"class_list":["post-136950","post","type-post","status-publish","format-standard","has-post-thumbnail","hentry","category-paraiso-das-aguas"],"_links":{"self":[{"href":"https:\/\/www.ocorreionews.com.br\/acervo-correio\/index.php?rest_route=\/wp\/v2\/posts\/136950","targetHints":{"allow":["GET"]}}],"collection":[{"href":"https:\/\/www.ocorreionews.com.br\/acervo-correio\/index.php?rest_route=\/wp\/v2\/posts"}],"about":[{"href":"https:\/\/www.ocorreionews.com.br\/acervo-correio\/index.php?rest_route=\/wp\/v2\/types\/post"}],"author":[{"embeddable":true,"href":"https:\/\/www.ocorreionews.com.br\/acervo-correio\/index.php?rest_route=\/wp\/v2\/users\/5"}],"replies":[{"embeddable":true,"href":"https:\/\/www.ocorreionews.com.br\/acervo-correio\/index.php?rest_route=%2Fwp%2Fv2%2Fcomments&post=136950"}],"version-history":[{"count":1,"href":"https:\/\/www.ocorreionews.com.br\/acervo-correio\/index.php?rest_route=\/wp\/v2\/posts\/136950\/revisions"}],"predecessor-version":[{"id":136952,"href":"https:\/\/www.ocorreionews.com.br\/acervo-correio\/index.php?rest_route=\/wp\/v2\/posts\/136950\/revisions\/136952"}],"wp:featuredmedia":[{"embeddable":true,"href":"https:\/\/www.ocorreionews.com.br\/acervo-correio\/index.php?rest_route=\/wp\/v2\/media\/136339"}],"wp:attachment":[{"href":"https:\/\/www.ocorreionews.com.br\/acervo-correio\/index.php?rest_route=%2Fwp%2Fv2%2Fmedia&parent=136950"}],"wp:term":[{"taxonomy":"category","embeddable":true,"href":"https:\/\/www.ocorreionews.com.br\/acervo-correio\/index.php?rest_route=%2Fwp%2Fv2%2Fcategories&post=136950"},{"taxonomy":"post_tag","embeddable":true,"href":"https:\/\/www.ocorreionews.com.br\/acervo-correio\/index.php?rest_route=%2Fwp%2Fv2%2Ftags&post=136950"}],"curies":[{"name":"wp","href":"https:\/\/api.w.org\/{rel}","templated":true}]}}