{"id":13808,"date":"2015-10-30T09:41:00","date_gmt":"2015-10-30T12:41:00","guid":{"rendered":"https:\/\/ocorreionews.com.br\/?p=13808"},"modified":"2015-10-30T09:41:00","modified_gmt":"2015-10-30T12:41:00","slug":"termina-nesta-sexta-o-prazo-para-cadastrar-empregados-domesticos-no-site-do-esocial","status":"publish","type":"post","link":"https:\/\/www.ocorreionews.com.br\/acervo-correio\/?p=13808","title":{"rendered":"Termina nesta sexta o prazo para cadastrar empregados dom\u00e9sticos no site do eSocial"},"content":{"rendered":"<div class=\"glb-bloco\">\n<div class=\"glb-grid-8\">\n<div id=\"glb-materia\" class=\"hfeed hentry\">\n<div class=\"materia-cabecalho\">\n<p><abbr class=\"published\"><\/abbr>Termina \u00e0 0h de s\u00e1bado (31) o prazo estabelecido pela Receita Federal para cadastrar empregados dom\u00e9sticos no site do eSocial. Por\u00e9m, segundo a Receita, n\u00e3o h\u00e1 penalidade para quem fizer o cadastro depois dessa data. J\u00e1 o primeiro pagamento no novo modelo, referente a outubro, deve ser feito at\u00e9 o dia 6 de novembro. Nesse caso, atrasos est\u00e3o sujeitos a multa de 0,33% ao dia, limitada a 20%.<\/p>\n<\/div>\n<\/div>\n<\/div>\n<\/div>\n<p>O cadastro \u00e9 necess\u00e1rio para que o empregador possa recolher o Fundo de Garantia do Tempo de Servi\u00e7o (FGTS) e outros encargos, que come\u00e7aram a valer neste m\u00eas, pelo Simples Dom\u00e9stico.<\/p>\n<p><em>(O eSocial \u00e9 o site em que o patr\u00e3o deve registrar todas as informa\u00e7\u00f5es sobre o empregado para emitir uma guia para pagar todos os tributos. )<\/em><\/p>\n<p>Mais de 926 mil empregadores dom\u00e9sticos fizeram seu cadastro no site do eSocial at\u00e9 as 18h desta quinta-feira (29), de acordo com dados da Secretaria da Receita Federal. O n\u00famero de empregados inscritos continua menor, superando a marca de 849 mil cadastros.<\/p>\n<p>Segundo a Receita, o n\u00famero de patr\u00f5es cadastrados \u00e9 maior porque o primeiro passo \u00e9 fazer o cadastro como empregador para, depois, fazer o registro do empregado.<\/p>\n<p>As guias de pagamento come\u00e7am a ser emitidas em 1\u00ba de novembro.<\/p>\n<p>A estimativa da Receita de cadastramento de patr\u00f5es e de empregados foi reduzida de 1,5 milh\u00e3o para 1 milh\u00e3o. O Minist\u00e9rio do Trabalho informou que, de um total de 6 milh\u00f5es de trabalhadores dom\u00e9sticos no pa\u00eds, em torno de 2,1 milh\u00f5es t\u00eam carteira assinada.<\/p>\n<div class=\"tabela-materia componente_materia\">\n<table>\n<thead>\n<tr>\n<th>Quem precisa se cadastrar e para que serve esse registro?<\/th>\n<\/tr>\n<\/thead>\n<tbody>\n<tr>\n<td>Empregadores devem se registrar no eSocial e cadastrar tamb\u00e9m os dados de seu(s) empregado(s) dom\u00e9stico(s). Ao final de cada m\u00eas, o sistema ir\u00e1 emitir uma guia para que o patr\u00e3o recolha todos os tributos e encargos, inclusive FGTS.<\/td>\n<\/tr>\n<\/tbody>\n<\/table>\n<\/div>\n<p>A Receita Federal, por\u00e9m, informou ter d\u00favidas sobre essa estat\u00edstica, mas avaliou que deve haver um ganho de formaliza\u00e7\u00e3o com a necessidade de cadastramento.<\/p>\n<p><strong>Prazos e multa<\/strong><br \/>\nReceita confirmou que mesmo os patr\u00f5es que fizerem o cadastro at\u00e9 a data limite para o primeiro pagamento no novo modelo estar\u00e3o aptos a fazer o recolhimento dos encargos e demais tributos no prazo &#8211; ainda que o registro tenha sido feito depois de 31 de outubro.<\/p>\n<p>A Receita diz ainda que, em m\u00e9dia, leva-se cerca de 15 a 20 minutos para realizar o\u00a0 cadastramento inicial no site.<\/p>\n<p><strong>Abatimento no Imposto de Renda<\/strong><br \/>\nA Receita Federal explicou que o empregador que desejar abater os gastos com o INSS do empregado dom\u00e9stico na declara\u00e7\u00e3o do IR de 2016 dever\u00e1 colocar seu CPF no cadastramento, e n\u00e3o de outra pessoa da fam\u00edlia, para poder realizar esse procedimento.<\/p>\n<div class=\"tabela-materia componente_materia\">\n<table>\n<thead>\n<tr>\n<th colspan=\"2\">Calend\u00e1rio<\/th>\n<\/tr>\n<\/thead>\n<tbody>\n<tr>\n<td>01\/10<\/td>\n<td>Come\u00e7a a valer a obrigatoriedade do pagamento de direitos como o FGTS<\/td>\n<\/tr>\n<tr>\n<td>31\/10<\/td>\n<td>Prazo para o cadastramento de empregados<\/td>\n<\/tr>\n<tr>\n<td>01\/11<\/td>\n<td>As guias de pagamento poder\u00e3o ser emitidas a partir desta data<\/td>\n<\/tr>\n<tr>\n<td>06\/11<\/td>\n<td>Prazo para o primeiro pagamento no novo modelo. Para pagamentos feitos ap\u00f3s esta data, haver\u00e1 juros e multa<\/td>\n<\/tr>\n<\/tbody>\n<\/table>\n<\/div>\n<p>No IR de 2015, relativo ao ano-base 2014, o limite de abatimento \u00e9 de R$ 1.152,88. Esse valor correspondeu \u00e0 al\u00edquota de 12% aplicada sobre o sal\u00e1rio m\u00ednimo de R$ 724 vigente no ano passado.<\/p>\n<p>Caso o empregador pague mais de um sal\u00e1rio m\u00ednimo, ele n\u00e3o pode abater todo o valor gasto com a contribui\u00e7\u00e3o patronal do INSS.<\/p>\n<p><strong>Guia \u00fanica, englobando o FGTS<\/strong><br \/>\nCom o cadastramento, o empregador passa a registrar as informa\u00e7\u00f5es sobre o trabalhador e emite uma guia para recolher todos os tributos \u2013 o chamado Simples Dom\u00e9stico define um regime unificado para pagamento de todos os tributos e demais encargos, inclusive FGTS.<\/p>\n<p>Os novos direitos est\u00e3o previstos na chamada PEC das Dom\u00e9sticas, lei que foi aprovada em abril de 2013.<\/p>\n<p>Mas eles s\u00f3 foram regulamentados no \u00faltimo m\u00eas de junho, e apenas agora come\u00e7am a valer.<\/p>\n<p>Com a entrada em vigor desses direitos, o empregador ter\u00e1 obrigatoriamente que cadastrar seus empregados no site do eSocial.<\/p>\n<p>O governo federal divulgou, no site do eSocial, <a href=\"http:\/\/portal.mte.gov.br\/images\/Documentos\/Banners\/cartilha-simples-domstico-ultima.pdf\" target=\"_blank\">uma cartilha <\/a>com orienta\u00e7\u00f5es para os empregadores de trabalhadores dom\u00e9sticos.<\/p>\n<p><strong>Veja como funciona o cadastro e o recolhimento os tributos:<\/strong><\/p>\n<p>\u2013 O empregador deve iniciar seu cadastro preenchendo os seguintes dados:<br \/>\nNome completo<br \/>\nData de nascimento<br \/>\nCPF<br \/>\nNIS (N\u00famero de Identifica\u00e7\u00e3o Social).<\/p>\n<p>O NIS pode ser o N\u00famero de Inscri\u00e7\u00e3o na Previd\u00eancia Social &#8211; NIT, no Programa de Integra\u00e7\u00e3o Social &#8211; PIS, no Programa de Forma\u00e7\u00e3o do Patrim\u00f4nio do Servidor P\u00fablico &#8211; PASEP, ou no Sistema \u00danico de Sa\u00fade &#8211; SUS.<\/p>\n<div class=\"foto componente_materia midia-largura-620\">\n<ul>\n<li><\/li>\n<\/ul>\n<figure style=\"width: 620px\" class=\"wp-caption alignnone\"><img loading=\"lazy\" decoding=\"async\" title=\"P\u00e1gina para realiza\u00e7\u00e3o do cadastro (Foto: Reprodu\u00e7\u00e3o)\" src=\"http:\/\/s2.glbimg.com\/IR0Nwu05lRGTuTKjvWPEwHK8-I0=\/s.glbimg.com\/jo\/g1\/f\/original\/2015\/09\/30\/imagem1.jpg\" alt=\"P\u00e1gina para realiza\u00e7\u00e3o do cadastro (Foto: Reprodu\u00e7\u00e3o)\" width=\"620\" height=\"196\" \/><figcaption class=\"wp-caption-text\">P\u00e1gina para realiza\u00e7\u00e3o do cadastro (Foto: Reprodu\u00e7\u00e3o)<\/figcaption><\/figure>\n<\/div>\n<p>\u2013 A cartilha explica que, antes de realizar o cadastramento dos trabalhadores, o empregador poder\u00e1 verificar se o CPF e o NIS est\u00e3o aptos para serem utilizados no sistema. Est\u00e1 dispon\u00edvel na p\u00e1gina inicial do eSocial o<a href=\"http:\/\/esocial.dataprev.gov.br\/Esocial\/pages\/index.xhtml\" target=\"_blank\"> link \u201cConsulta Qualifica\u00e7\u00e3o Cadastral\u201d<\/a>.<\/p>\n<p>\u2013 Depois do cadastro do empregador, \u00e9 preciso realizar o cadastro do empregado, informando os dados do contrato.<\/p>\n<p>\u2013 O empregador precisar\u00e1 realizar seu cadastro e de seus empregados apenas uma vez, mas a folha de pagamento dever\u00e1 ser feita mensalmente.<\/p>\n<p>\u2013 O empregador precisa documentar no sistema ocorr\u00eancias como afastamentos (por doen\u00e7as, licen\u00e7as, f\u00e9rias etc), comunicado de acidente de trabalho, aviso pr\u00e9vio e demiss\u00e3o.<\/p>\n<p>\u2013 Ao fechamento de cada m\u00eas, \u00e9 emitida uma guia para o pagamento de todos os tributos e do FGTS.<\/p>\n<div class=\"foto componente_materia midia-largura-620\">\n<ul>\n<li>\n<p><figure style=\"width: 620px\" class=\"wp-caption alignnone\"><img loading=\"lazy\" decoding=\"async\" title=\"Fluxograma explica como funcionar\u00e1 a emiss\u00e3o da guia de recohimento (Foto: Reprodu\u00e7\u00e3o)\" src=\"http:\/\/s2.glbimg.com\/iKSmHwWSVJNiC2wbFbsrj7lvHz0=\/s.glbimg.com\/jo\/g1\/f\/original\/2015\/09\/30\/imagem2.jpg\" alt=\"Fluxograma explica como funcionar\u00e1 a emiss\u00e3o da guia de recohimento (Foto: Reprodu\u00e7\u00e3o)\" width=\"620\" height=\"407\" \/><figcaption class=\"wp-caption-text\">Fluxograma explica como funcionar\u00e1 a emiss\u00e3o da guia de recolhimento (Foto: Reprodu\u00e7\u00e3o)<\/figcaption><\/figure><\/li>\n<\/ul>\n<\/div>\n<p><strong>VEJA O PASSO A PASSO PARA FAZER O CADASTRO:<\/strong><\/p>\n<p><strong>1. Acesso ao sistema<\/strong><br \/>\nO usu\u00e1rio encontra o espa\u00e7o para acessar o sistema no canto superior da tela. Existem duas op\u00e7\u00f5es para fazer o acesso: certificado digital ou c\u00f3digo de acesso.<\/p>\n<p>A primeira op\u00e7\u00e3o \u00e9 para quem possui um certificado digital e-CPF. <a href=\"http:\/\/www.receita.fazenda.gov.br\/AtendVirtual\/Orientacoes\/orientacoesgerais.htm\" target=\"_blank\">O site da Receita Federal re\u00fane orienta\u00e7\u00f5es para quem quer ter um certificado digital<\/a>. A segunda op\u00e7\u00e3o, de c\u00f3digo de acesso, \u00e9 para quem n\u00e3o tem certificado digital.<\/p>\n<p>Para acessar o sistema com c\u00f3digo de acesso, o empregador dever\u00e1 clicar em \u201cprimeiro acesso\u201d para gerar o seu c\u00f3digo. O sistema ir\u00e1 solicitar: CPF, data de nascimento e N\u00famero dos recibos de entrega da declara\u00e7\u00e3o do Imposto de Renda Pessoa F\u00edsica (DIRPF), dos \u00faltimos dois exerc\u00edcios. Caso o empregador n\u00e3o tenha feito declara\u00e7\u00e3o do IR no \u00faltimo exerc\u00edcio, ser\u00e1 solicitado o n\u00famero do t\u00edtulo de eleitor.<\/p>\n<p><strong>2. Cadastro do empregador<\/strong><br \/>\nNo primeiro acesso, o sistema trar\u00e1 o CPF e nome vinculados ao c\u00f3digo de acesso gerado. Ent\u00e3o, \u00e9 preciso informar telefone e e-mail para contato, e em seguida clicar no bot\u00e3o \u201csalvar\u201d.<\/p>\n<div class=\"foto componente_materia midia-largura-620\">\n<figure style=\"width: 620px\" class=\"wp-caption alignnone\"><img loading=\"lazy\" decoding=\"async\" title=\"P\u00e1gina de cadastro do empregador (Foto: Reprodu\u00e7\u00e3o)\" src=\"http:\/\/s2.glbimg.com\/l3qdp0DKpsExe1L7tu3lb-d097g=\/s.glbimg.com\/jo\/g1\/f\/original\/2015\/09\/30\/imagem3.jpg\" alt=\"P\u00e1gina de cadastro do empregador (Foto: Reprodu\u00e7\u00e3o)\" width=\"620\" height=\"336\" \/><figcaption class=\"wp-caption-text\">P\u00e1gina de cadastro do empregador (Foto: Reprodu\u00e7\u00e3o)<\/figcaption><\/figure>\n<\/div>\n<p>\u00c9 poss\u00edvel adicionar informa\u00e7\u00f5es complementares, como op\u00e7\u00e3o pelo registro eletr\u00f4nico de empregados e indicativo de situa\u00e7\u00e3o da pessoa f\u00edsica, mas elas n\u00e3o s\u00e3o obrigat\u00f3rias.<\/p>\n<p><strong>3. Cadastro do empregado<\/strong><br \/>\nSegundo a cartilha, o empregador dever\u00e1 cadastrar todos os seus empregados nesta op\u00e7\u00e3o, inclusive aqueles que foram admitidos antes de 1\u00ba de outubro de 2015. Para fazer isso, \u00e9 preciso clicar no bot\u00e3o \u201cCadastrar\/Admitir\u201d na tela de Gest\u00e3o de Trabalhadores.<\/p>\n<p>A cartilha explica ainda que os empregados admitidos antes de 1\u00ba de outubro de 2015 dever\u00e3o ser cadastrados no sistema at\u00e9 o fechamento da folha de pagamentos da compet\u00eancia 10\/2015 (prazo limite em 06\/11\/2015). Para empregados contratados a partir do dia 1\u00ba de outubro de 2015, o registro no eSocial dever\u00e1 ocorrer at\u00e9 um dia antes do in\u00edcio das atividades.<\/p>\n<div class=\"foto componente_materia midia-largura-620\">\n<figure style=\"width: 620px\" class=\"wp-caption alignnone\"><img loading=\"lazy\" decoding=\"async\" title=\"P\u00e1gina de cadastro do empregado (Foto: Reprodu\u00e7\u00e3o)\" src=\"http:\/\/s2.glbimg.com\/6Icaro1hDAwJh-IyKbw_DS9p8x8=\/s.glbimg.com\/jo\/g1\/f\/original\/2015\/09\/30\/imagem5.jpg\" alt=\"P\u00e1gina de cadastro do empregado (Foto: Reprodu\u00e7\u00e3o)\" width=\"620\" height=\"342\" \/><figcaption class=\"wp-caption-text\">P\u00e1gina de cadastro do empregado (Foto: Reprodu\u00e7\u00e3o)<\/figcaption><\/figure>\n<\/div>\n<p>Os dados do empregado que o sistema ir\u00e1 solicitar para fazer o cadastro s\u00e3o:<br \/>\n&#8211; CPF<br \/>\n&#8211; Data e pa\u00eds de nascimento<br \/>\n&#8211; NIS<br \/>\n&#8211; Ra\u00e7a\/cor e escolaridade<\/p>\n<p>Em seguida, o campo \u201cData de admiss\u00e3o\u201d dever\u00e1 ser preenchido com a mesma data de assinatura na Carteira de Trabalho e Previd\u00eancia Social (CTPS). Os campos \u201cGrupo\u201d e \u201cCategoria do trabalhador\u201d j\u00e1 s\u00e3o preenchidos automaticamente e n\u00e3o permitem altera\u00e7\u00f5es.<\/p>\n<p>Depois, devem ser informados o n\u00famero, s\u00e9rie e UF (Estado) da CTPS (Carteira de Trabalho e Previd\u00eancia Social), telefone e e-mail para contato. O sistema ainda ir\u00e1 pedir o endere\u00e7o do empregado e informa\u00e7\u00f5es sobre dependentes, caso a pessoa possua.<\/p>\n<p><strong>4. Preenchimento dos dados de contrato <\/strong><br \/>\nO sistema ir\u00e1 pedir informa\u00e7\u00f5es sobre o contrato de trabalho. \u00c9 preciso informar qual \u00e9 o tipo de contrato (determinado ou indeterminado), cargo, sal\u00e1rio base e periodicidade de sal\u00e1rio (mensal, semanal, quinzenal etc.).<\/p>\n<p>Caso o empregador j\u00e1 recolha o FGTS (o recolhimento passa a ser obrigat\u00f3rio em 01\/10\/2015, mas o empregador j\u00e1 tinha a op\u00e7\u00e3o de fazer isso voluntariamente antes disso), \u00e9 preciso preencher a data em que ele come\u00e7ou a realizar os recolhimentos para aquele empregado.<\/p>\n<div class=\"foto componente_materia midia-largura-620\">\n<figure style=\"width: 620px\" class=\"wp-caption alignnone\"><img loading=\"lazy\" decoding=\"async\" title=\"P\u00e1gina para preenchimento de informa\u00e7\u00f5es sobre o contrato de trabalho do empregado dom\u00e9stico (Foto: Reprodu\u00e7\u00e3o)\" src=\"http:\/\/s2.glbimg.com\/MfCQ72FGVxmCDRFdiebBTgHowq0=\/s.glbimg.com\/jo\/g1\/f\/original\/2015\/09\/30\/imagem6.jpg\" alt=\"P\u00e1gina para preenchimento de informa\u00e7\u00f5es sobre o contrato de trabalho do empregado dom\u00e9stico (Foto: Reprodu\u00e7\u00e3o)\" width=\"620\" height=\"306\" \/><figcaption class=\"wp-caption-text\">P\u00e1gina para informar dados do contrato de trabalho do empregado dom\u00e9stico (Foto: Reprodu\u00e7\u00e3o)<\/figcaption><\/figure>\n<\/div>\n<p>Caso o usu\u00e1rio informe que o local de trabalho \u00e9 o mesmo informado como endere\u00e7o do empregador, o campo \u00e9 preenchido automaticamente. Mas, se esse n\u00e3o for o caso, \u00e9 preciso informar o local onde o empregado ir\u00e1 trabalhar clicando em &#8220;informar outro endere\u00e7o&#8221;.<\/p>\n<p>Em seguida, o empregador deve apontar qual foi a jornada de trabalho contratada, escolhendo entre tr\u00eas op\u00e7\u00f5es: semanal, 12 x 36 ou demais tipos (escala, turno de revezamento, permutas, hor\u00e1rios rotativos, etc.).<\/p>\n<p>Com exce\u00e7\u00e3o da op\u00e7\u00e3o de 12 x 36, o sistema apresenta em seguida op\u00e7\u00f5es para preencher o detalhamento da jornada.<\/p>\n<div class=\"foto componente_materia midia-largura-620\">\n<ul>\n<li><\/li>\n<\/ul>\n<figure style=\"width: 620px\" class=\"wp-caption alignnone\"><img loading=\"lazy\" decoding=\"async\" title=\"Sistema pede o detalhamento da jornada de trabalho, com detalhes como tempo de intervalo (Foto: Reprodu\u00e7\u00e3o)\" src=\"http:\/\/s2.glbimg.com\/YrlzFp7kkQRCALMzgBiYKlRy1b0=\/s.glbimg.com\/jo\/g1\/f\/original\/2015\/09\/30\/imagem7.jpg\" alt=\"Sistema pede o detalhamento da jornada de trabalho, com detalhes como tempo de intervalo (Foto: Reprodu\u00e7\u00e3o)\" width=\"620\" height=\"375\" \/><figcaption class=\"wp-caption-text\">Sistema pede o detalhamento da jornada de trabalho, com detalhes como intervalos (Foto: Reprodu\u00e7\u00e3o)<\/figcaption><\/figure>\n<\/div>\n<p>Se precisar alterar alguma informa\u00e7\u00e3o sobre o empregado ou sobre o contrato, o usu\u00e1rio dever\u00e1 acessar a p\u00e1gina de dados cadastrais e contratuais, na tela &#8220;gest\u00e3o de trabalhadores&#8221;.<\/p>\n<p>Clicando sobre o nome do trabalhador, o empregador ter\u00e1 acesso aos links dos dados cadastrais e contratuais. Ao clicar na op\u00e7\u00e3o que deseja alterar, \u00e9 preciso em seguida clicar em &#8220;alterar dados cadastrais&#8221; ou &#8220;alterar dados contratuais&#8221;, conforme o caso.<\/p>\n<p><strong>VEJA COMO REGISTRAR EVENTOS TRABALHISTAS:<\/strong><\/p>\n<p>O acesso aos eventos trabalhistas poder\u00e1 ser feito clicando em \u201cTrabalhador\u201d, em seguida em \u201cRegistrar Evento Trabalhista\u201d, depois no nome do empregado e na matr\u00edcula. Essa mesma op\u00e7\u00e3o poder\u00e1 ser acessada em \u201cTrabalhador\u201d, depois \u201cGest\u00e3o de Trabalhadores\u201d e em seguida clicando no nome do empregado e depois no link \u201cEvento Trabalhista\u201d.<\/p>\n<p>Veja os eventos que devem ser registrado (com exce\u00e7\u00e3o de folha de pagamentos, fechamentos de m\u00eas e aviso pr\u00e9vio, que n\u00e3o foram disponibilizados pela cartilha).<\/p>\n<p><strong>1. Afastamentos<\/strong><br \/>\nOs afastamentos \u2013 tais como doen\u00e7as e licen\u00e7a maternidade \u2013 devem ser registrados no<br \/>\nt\u00f3pico \u201cAfastamento Tempor\u00e1rio\u201d. O empregador precisa informar a data de in\u00edcio do afastamento e o motivo. Para isso, \u00e9 necess\u00e1rio escolher um tipo dentro da lista dispon\u00edvel no pr\u00f3prio campo. Caso o afastamento j\u00e1 tenha terminado, \u00e9 poss\u00edvel informar tamb\u00e9m a data de t\u00e9rmino.<\/p>\n<div class=\"foto componente_materia midia-largura-620\">\n<figure style=\"width: 620px\" class=\"wp-caption alignnone\"><img loading=\"lazy\" decoding=\"async\" title=\"P\u00e1gina para informar afastamentos tempor\u00e1rios do empregado (Foto: Reprodu\u00e7\u00e3o)\" src=\"http:\/\/s2.glbimg.com\/6uiPx9oG6cetQNWaqBB3wCki6f8=\/s.glbimg.com\/jo\/g1\/f\/original\/2015\/09\/30\/imagem8.jpg\" alt=\"P\u00e1gina para informar afastamentos tempor\u00e1rios do empregado (Foto: Reprodu\u00e7\u00e3o)\" width=\"620\" height=\"213\" \/><figcaption class=\"wp-caption-text\">P\u00e1gina para informar afastamentos tempor\u00e1rios do empregado (Foto: Reprodu\u00e7\u00e3o)<\/figcaption><\/figure>\n<\/div>\n<p><strong>2. Acidente de trabalho<\/strong><br \/>\nPara esse motivo de afastamento, al\u00e9m do registro do evento no eSocial, a Comunica\u00e7\u00e3o de<br \/>\nAcidente do Trabalho (CAT) tamb\u00e9m \u00e9 obrigat\u00f3ria.<\/p>\n<p>A empresa ou o empregador dom\u00e9stico dever\u00e3o comunicar o acidente do trabalho \u00e0 Previd\u00eancia Social at\u00e9 o primeiro dia \u00fatil seguinte ao da ocorr\u00eancia. \u00c9 poss\u00edvel fazer a <a href=\"http:\/\/www.dataprev.gov.br\/servicos\/cat\/cat.shtm\" target=\"_blank\">CAT pelo site da Previd\u00eancia, neste link<\/a>.<\/p>\n<div class=\"foto componente_materia midia-largura-620\">\n<figure style=\"width: 620px\" class=\"wp-caption alignnone\"><img loading=\"lazy\" decoding=\"async\" title=\"P\u00e1gina para comunicar acidentes de trabalho (Foto: Reprodu\u00e7\u00e3o)\" src=\"http:\/\/s2.glbimg.com\/s9JTai_53aJYgYMqd2DoyVKxeH8=\/s.glbimg.com\/jo\/g1\/f\/original\/2015\/09\/30\/imagem9.jpg\" alt=\"P\u00e1gina para comunicar acidentes de trabalho (Foto: Reprodu\u00e7\u00e3o)\" width=\"620\" height=\"360\" \/><figcaption class=\"wp-caption-text\">P\u00e1gina para comunicar acidentes de trabalho (Foto: Reprodu\u00e7\u00e3o)<\/figcaption><\/figure>\n<\/div>\n<p><strong>3. Mudan\u00e7a no afastamento<\/strong><br \/>\nA cartilha explica que, para o eSocial, cada passo do afastamento \u00e9 registrado como um evento\/registro. Portanto, a inclus\u00e3o de um afastamento \u00e9 um evento, o registro posterior do retorno do empregado \u00e9 considerado outro evento. Da mesma forma, a altera\u00e7\u00e3o do motivo de afastamento tamb\u00e9m \u00e9 considerada um novo evento.<\/p>\n<p>Muitas vezes, por quest\u00f5es de avalia\u00e7\u00e3o de per\u00edcia m\u00e9dica e\/ou decis\u00e3o judicial, o afastamento por doen\u00e7a n\u00e3o relacionada deve ser alterado.<\/p>\n<p>O link para registro de altera\u00e7\u00e3o do motivo de afastamento est\u00e1 localizado na tela<br \/>\n&#8220;Movimenta\u00e7\u00f5es Trabalhistas&#8221;.<\/p>\n<p>Ainda segundo a cartilha, para altera\u00e7\u00e3o de motivo de afastamento, nos casos em que j\u00e1 houve o registro do retorno, \u00e9 necess\u00e1rio excluir previamente o registro\/evento de retorno para que o sistema aceite o comando de altera\u00e7\u00e3o do motivo. Ap\u00f3s a altera\u00e7\u00e3o do motivo de afastamento, o empregador poder\u00e1 incluir novamente a data de retorno do empregado.<\/p>\n<p><strong>4. Retorno de afastamentos<\/strong><br \/>\nO retorno de afastamentos \u2013 caso n\u00e3o tenha sido informado no momento do registro do<br \/>\nin\u00edcio do afastamento \u2013 deve ser realizado pelo empregador atrav\u00e9s do link &#8220;Retorno de<br \/>\nAfastamento Tempor\u00e1rio&#8221; localizado na tela de Movimenta\u00e7\u00f5es Trabalhistas.<\/p>\n<div class=\"foto componente_materia midia-largura-620\">\n<figure style=\"width: 620px\" class=\"wp-caption alignnone\"><img loading=\"lazy\" decoding=\"async\" title=\"P\u00e1gina para indicar retorno de afastamentos (Foto: Reprodu\u00e7\u00e3o)\" src=\"http:\/\/s2.glbimg.com\/UVsU4BEySYEqV6GKi-thmcBcUPw=\/s.glbimg.com\/jo\/g1\/f\/original\/2015\/09\/30\/imagem10.jpg\" alt=\"P\u00e1gina para indicar retorno de afastamentos (Foto: Reprodu\u00e7\u00e3o)\" width=\"620\" height=\"242\" \/><figcaption class=\"wp-caption-text\">P\u00e1gina para indicar retorno de afastamentos (Foto: Reprodu\u00e7\u00e3o)<\/figcaption><\/figure>\n<\/div>\n<p><strong>5. F\u00e9rias<\/strong><br \/>\nPara registrar o aviso de f\u00e9rias, o empregador deve acessar o sistema com 30 dias de anteced\u00eancia e clicar em &#8220;registrar f\u00e9rias&#8221;.<\/p>\n<p>\u00c9 preciso preencher o per\u00edodo e informar se haver\u00e1 a convers\u00e3o de parte das f\u00e9rias em dinheiro. Empregador e empregado tamb\u00e9m podem entrar num acordo e dividir as f\u00e9rias em per\u00edodos diferentes, desde que uma das partes tenha ao menos 14 dias. Isso tamb\u00e9m deve ser registrado no sistema.<\/p>\n<div class=\"foto componente_materia midia-largura-620\">\n<figure style=\"width: 620px\" class=\"wp-caption alignnone\"><img loading=\"lazy\" decoding=\"async\" title=\"P\u00e1gina para registrar aviso de f\u00e9rias\" src=\"http:\/\/s2.glbimg.com\/I7GBxtigWT1FTTl3CaRS-VLkBI0=\/s.glbimg.com\/jo\/g1\/f\/original\/2015\/09\/30\/imagem11.jpg\" alt=\"P\u00e1gina para registrar aviso de f\u00e9rias\" width=\"620\" height=\"242\" \/><figcaption class=\"wp-caption-text\">P\u00e1gina para registrar aviso de f\u00e9rias (Foto: Reprodu\u00e7\u00e3o)<\/figcaption><\/figure>\n<\/div>\n<p>Ap\u00f3s preencher todos os campos, o empregador dever\u00e1 clicar em \u201cSalvar Aviso de F\u00e9rias\u201d.<\/p>\n<p>No dia em que o empregado sair de f\u00e9rias ou em data posterior, o empregador dever\u00e1 acessar o sistema novamente e clicar em &#8220;registrar sa\u00edda de f\u00e9rias&#8221;. Ser\u00e1 exibida uma tela detalhando o per\u00edodo aquisitivo e com a situa\u00e7\u00e3o &#8220;Em andamento&#8221;.<\/p>\n<p>Ao clicar sobre o per\u00edodo aquisitivo para abrir a programa\u00e7\u00e3o de f\u00e9rias, ser\u00e3o exibidos os links para impress\u00e3o do aviso de f\u00e9rias e recibo de pagamento.<\/p>\n<p>\u00c9 preciso tamb\u00e9m registrar o retorno de f\u00e9rias, no dia do retorno do empregado ou em data posterior.<\/p>\n<div class=\"foto componente_materia midia-largura-620\">\n<figure style=\"width: 620px\" class=\"wp-caption alignnone\"><img loading=\"lazy\" decoding=\"async\" title=\"P\u00e1gina para impress\u00e3o do aviso de f\u00e9rias e recibo de pagamento. (Foto: Reprodu\u00e7\u00e3o)\" src=\"http:\/\/s2.glbimg.com\/5Tlrizfmi1GyTVA9G5csDIkzcMs=\/s.glbimg.com\/jo\/g1\/f\/original\/2015\/09\/30\/imagem12.jpg\" alt=\"P\u00e1gina para impress\u00e3o do aviso de f\u00e9rias e recibo de pagamento. (Foto: Reprodu\u00e7\u00e3o)\" width=\"620\" height=\"307\" \/><figcaption class=\"wp-caption-text\">P\u00e1gina para impress\u00e3o do aviso de f\u00e9rias e recibo de pagamento. (Foto: Reprodu\u00e7\u00e3o)<\/figcaption><\/figure>\n<\/div>\n<p>&nbsp;<\/p>\n<p><em><strong>Fonte:\u00a0Alexandro Martello e Karina Trevizan <span class=\"adr\"> <span class=\"locality\">Do G1, em S\u00e3o Paulo<\/span><\/span><\/strong><\/em><\/p>\n","protected":false},"excerpt":{"rendered":"<p>Termina \u00e0 0h de s\u00e1bado (31) o prazo estabelecido pela Receita Federal para cadastrar empregados dom\u00e9sticos no site do eSocial. Por\u00e9m, segundo a Receita, n\u00e3o h\u00e1 penalidade para quem fizer o cadastro depois dessa data. J\u00e1 o primeiro pagamento no novo modelo, referente a outubro, deve ser feito at\u00e9 o dia 6 de novembro. Nesse [&hellip;]<\/p>\n","protected":false},"author":4,"featured_media":13811,"comment_status":"closed","ping_status":"closed","sticky":false,"template":"","format":"standard","meta":{"footnotes":""},"categories":[31],"tags":[],"class_list":["post-13808","post","type-post","status-publish","format-standard","has-post-thumbnail","hentry","category-geral"],"_links":{"self":[{"href":"https:\/\/www.ocorreionews.com.br\/acervo-correio\/index.php?rest_route=\/wp\/v2\/posts\/13808","targetHints":{"allow":["GET"]}}],"collection":[{"href":"https:\/\/www.ocorreionews.com.br\/acervo-correio\/index.php?rest_route=\/wp\/v2\/posts"}],"about":[{"href":"https:\/\/www.ocorreionews.com.br\/acervo-correio\/index.php?rest_route=\/wp\/v2\/types\/post"}],"author":[{"embeddable":true,"href":"https:\/\/www.ocorreionews.com.br\/acervo-correio\/index.php?rest_route=\/wp\/v2\/users\/4"}],"replies":[{"embeddable":true,"href":"https:\/\/www.ocorreionews.com.br\/acervo-correio\/index.php?rest_route=%2Fwp%2Fv2%2Fcomments&post=13808"}],"version-history":[{"count":0,"href":"https:\/\/www.ocorreionews.com.br\/acervo-correio\/index.php?rest_route=\/wp\/v2\/posts\/13808\/revisions"}],"wp:featuredmedia":[{"embeddable":true,"href":"https:\/\/www.ocorreionews.com.br\/acervo-correio\/index.php?rest_route=\/wp\/v2\/media\/13811"}],"wp:attachment":[{"href":"https:\/\/www.ocorreionews.com.br\/acervo-correio\/index.php?rest_route=%2Fwp%2Fv2%2Fmedia&parent=13808"}],"wp:term":[{"taxonomy":"category","embeddable":true,"href":"https:\/\/www.ocorreionews.com.br\/acervo-correio\/index.php?rest_route=%2Fwp%2Fv2%2Fcategories&post=13808"},{"taxonomy":"post_tag","embeddable":true,"href":"https:\/\/www.ocorreionews.com.br\/acervo-correio\/index.php?rest_route=%2Fwp%2Fv2%2Ftags&post=13808"}],"curies":[{"name":"wp","href":"https:\/\/api.w.org\/{rel}","templated":true}]}}