{"id":13813,"date":"2015-10-30T09:47:32","date_gmt":"2015-10-30T12:47:32","guid":{"rendered":"https:\/\/ocorreionews.com.br\/?p=13813"},"modified":"2015-10-30T09:47:32","modified_gmt":"2015-10-30T12:47:32","slug":"dilma-cancela-viagem-ao-ms-apos-sua-mae-passar-mal-em-brasilia","status":"publish","type":"post","link":"https:\/\/www.ocorreionews.com.br\/acervo-correio\/?p=13813","title":{"rendered":"Dilma cancela viagem ao MS ap\u00f3s sua m\u00e3e passar mal em Bras\u00edlia"},"content":{"rendered":"<p>A presidente Dilma Rousseff cancelou a viagem que faria nesta sexta-feira (30) ao Mato Grosso do Sul porque a m\u00e3e dela, Dilma Jane, sentiu mal-estar no in\u00edcio da manh\u00e3.<\/p>\n<p>Dilma participaria na cidade de Tr\u00eas Lagoas da cerim\u00f4nia de lan\u00e7amento da pedra fundamental de amplia\u00e7\u00e3o de uma f\u00e1brica.<\/p>\n<p>Dilma Jane tem 91 anos e mora com a presidente Dilma no Pal\u00e1cio da Alvorada, resid\u00eancia oficial do governo, desde 2011, quando a filha assumiu a Presid\u00eancia da Rep\u00fablica.<\/p>\n<p>De acordo com a Secretaria de Imprensa da Presid\u00eancia, em raz\u00e3o do cancelamento da viagem ao MS, a presidente Dilma passar\u00e1 esta sexta no Pal\u00e1cio da Alvorada com a m\u00e3e, sem compromissos oficiais.<\/p>\n<p>Em maio deste ano, Dilma Jane foi internada em um hospital de Bras\u00edlia ap\u00f3s apresentar sintomas de ataque isqu\u00eamico transit\u00f3rio, esp\u00e9cie de alerta do corpo de que um Acidente Vascular Cerebral (AVC) pode ocorrer. Quando o paciente sofre esse problema, \u00e9 porque uma art\u00e9ria que leva sangue para o c\u00e9rebro entope.<\/p>\n<p>Geralmente, a presidente costuma cancelar seus compromissos previstos para o dia quando sua m\u00e3e sente mal-estar.<\/p>\n<p>&nbsp;<\/p>\n<p>&nbsp;<\/p>\n<p>Fonte: G1 Brasilia &#8211; Foto :A presidente Dilma Rousseff com a m\u00e3e, Dilma\u00a0Jane (dir), e a filha, Paula Ara\u00fajo (esq)<br \/>\n(Foto: Dida Sampaio\/AE)<\/p>\n","protected":false},"excerpt":{"rendered":"<p>A presidente Dilma Rousseff cancelou a viagem que faria nesta sexta-feira (30) ao Mato Grosso do Sul porque a m\u00e3e dela, Dilma Jane, sentiu mal-estar no in\u00edcio da manh\u00e3. Dilma participaria na cidade de Tr\u00eas Lagoas da cerim\u00f4nia de lan\u00e7amento da pedra fundamental de amplia\u00e7\u00e3o de uma f\u00e1brica. Dilma Jane tem 91 anos e mora [&hellip;]<\/p>\n","protected":false},"author":4,"featured_media":13814,"comment_status":"closed","ping_status":"closed","sticky":false,"template":"","format":"standard","meta":{"footnotes":""},"categories":[31],"tags":[],"class_list":["post-13813","post","type-post","status-publish","format-standard","has-post-thumbnail","hentry","category-geral"],"_links":{"self":[{"href":"https:\/\/www.ocorreionews.com.br\/acervo-correio\/index.php?rest_route=\/wp\/v2\/posts\/13813","targetHints":{"allow":["GET"]}}],"collection":[{"href":"https:\/\/www.ocorreionews.com.br\/acervo-correio\/index.php?rest_route=\/wp\/v2\/posts"}],"about":[{"href":"https:\/\/www.ocorreionews.com.br\/acervo-correio\/index.php?rest_route=\/wp\/v2\/types\/post"}],"author":[{"embeddable":true,"href":"https:\/\/www.ocorreionews.com.br\/acervo-correio\/index.php?rest_route=\/wp\/v2\/users\/4"}],"replies":[{"embeddable":true,"href":"https:\/\/www.ocorreionews.com.br\/acervo-correio\/index.php?rest_route=%2Fwp%2Fv2%2Fcomments&post=13813"}],"version-history":[{"count":0,"href":"https:\/\/www.ocorreionews.com.br\/acervo-correio\/index.php?rest_route=\/wp\/v2\/posts\/13813\/revisions"}],"wp:featuredmedia":[{"embeddable":true,"href":"https:\/\/www.ocorreionews.com.br\/acervo-correio\/index.php?rest_route=\/wp\/v2\/media\/13814"}],"wp:attachment":[{"href":"https:\/\/www.ocorreionews.com.br\/acervo-correio\/index.php?rest_route=%2Fwp%2Fv2%2Fmedia&parent=13813"}],"wp:term":[{"taxonomy":"category","embeddable":true,"href":"https:\/\/www.ocorreionews.com.br\/acervo-correio\/index.php?rest_route=%2Fwp%2Fv2%2Fcategories&post=13813"},{"taxonomy":"post_tag","embeddable":true,"href":"https:\/\/www.ocorreionews.com.br\/acervo-correio\/index.php?rest_route=%2Fwp%2Fv2%2Ftags&post=13813"}],"curies":[{"name":"wp","href":"https:\/\/api.w.org\/{rel}","templated":true}]}}