{"id":13821,"date":"2015-10-30T10:43:31","date_gmt":"2015-10-30T13:43:31","guid":{"rendered":"https:\/\/ocorreionews.com.br\/?p=13821"},"modified":"2015-10-30T10:43:31","modified_gmt":"2015-10-30T13:43:31","slug":"estacionamento-da-igreja-matriz-ja-pode-ser-usado-pela-populacao","status":"publish","type":"post","link":"https:\/\/www.ocorreionews.com.br\/acervo-correio\/?p=13821","title":{"rendered":"Estacionamento da igreja matriz j\u00e1 pode ser usado pela popula\u00e7\u00e3o"},"content":{"rendered":"<p>A Prefeitura Municipal de Para\u00edso das \u00c1guas atrav\u00e9s da Secretaria Municipal de Assist\u00eancia Social fez um repasse financeiro no valor de R$30.000,00 (trinta mil reais) para a constru\u00e7\u00e3o do estacionamento no p\u00e1tio da igreja matriz da Par\u00f3quia S\u00e3o Jo\u00e3o Maria Vianney e S\u00e3o Sebasti\u00e3o.<\/p>\n<p>A realiza\u00e7\u00e3o dessa obra promove o bem estar social, bem como o desenvolvimento da comunidade local, possibilitando conforto e lazer para a popula\u00e7\u00e3o.<\/p>\n<p>\u201cNossa par\u00f3quia fica localizada em uma regi\u00e3o central, mas, com ruas estreitas. Diversas pessoas v\u00e3o com seus autom\u00f3veis para participarem da missa, bem como das festas que acontecem no sal\u00e3o paroquial e acabam estacionando seus carros no meio da rua. Coma constru\u00e7\u00e3o desse estacionamento nossos fieis ficar\u00e3o mais seguros e ter\u00e3o um espa\u00e7o mais confort\u00e1vel\u201d, destacou o Padre Jos\u00e9 Macedo.<\/p>\n<p>A obra or\u00e7ada em R$70.000,00 (setenta mil reais) possui 1938,83 metros quadrados.<\/p>\n<p>&nbsp;<\/p>\n<p>ASSECOM- Prefeitura Municipal de Para\u00edso das \u00c1guas- MS<\/p>\n","protected":false},"excerpt":{"rendered":"<p>A Prefeitura Municipal de Para\u00edso das \u00c1guas atrav\u00e9s da Secretaria Municipal de Assist\u00eancia Social fez um repasse financeiro no valor de R$30.000,00 (trinta mil reais) para a constru\u00e7\u00e3o do estacionamento no p\u00e1tio da igreja matriz da Par\u00f3quia S\u00e3o Jo\u00e3o Maria Vianney e S\u00e3o Sebasti\u00e3o. A realiza\u00e7\u00e3o dessa obra promove o bem estar social, bem como [&hellip;]<\/p>\n","protected":false},"author":4,"featured_media":13822,"comment_status":"closed","ping_status":"closed","sticky":false,"template":"","format":"standard","meta":{"footnotes":""},"categories":[36],"tags":[],"class_list":["post-13821","post","type-post","status-publish","format-standard","has-post-thumbnail","hentry","category-paraiso-das-aguas"],"_links":{"self":[{"href":"https:\/\/www.ocorreionews.com.br\/acervo-correio\/index.php?rest_route=\/wp\/v2\/posts\/13821","targetHints":{"allow":["GET"]}}],"collection":[{"href":"https:\/\/www.ocorreionews.com.br\/acervo-correio\/index.php?rest_route=\/wp\/v2\/posts"}],"about":[{"href":"https:\/\/www.ocorreionews.com.br\/acervo-correio\/index.php?rest_route=\/wp\/v2\/types\/post"}],"author":[{"embeddable":true,"href":"https:\/\/www.ocorreionews.com.br\/acervo-correio\/index.php?rest_route=\/wp\/v2\/users\/4"}],"replies":[{"embeddable":true,"href":"https:\/\/www.ocorreionews.com.br\/acervo-correio\/index.php?rest_route=%2Fwp%2Fv2%2Fcomments&post=13821"}],"version-history":[{"count":0,"href":"https:\/\/www.ocorreionews.com.br\/acervo-correio\/index.php?rest_route=\/wp\/v2\/posts\/13821\/revisions"}],"wp:featuredmedia":[{"embeddable":true,"href":"https:\/\/www.ocorreionews.com.br\/acervo-correio\/index.php?rest_route=\/wp\/v2\/media\/13822"}],"wp:attachment":[{"href":"https:\/\/www.ocorreionews.com.br\/acervo-correio\/index.php?rest_route=%2Fwp%2Fv2%2Fmedia&parent=13821"}],"wp:term":[{"taxonomy":"category","embeddable":true,"href":"https:\/\/www.ocorreionews.com.br\/acervo-correio\/index.php?rest_route=%2Fwp%2Fv2%2Fcategories&post=13821"},{"taxonomy":"post_tag","embeddable":true,"href":"https:\/\/www.ocorreionews.com.br\/acervo-correio\/index.php?rest_route=%2Fwp%2Fv2%2Ftags&post=13821"}],"curies":[{"name":"wp","href":"https:\/\/api.w.org\/{rel}","templated":true}]}}