{"id":13827,"date":"2015-10-30T13:31:50","date_gmt":"2015-10-30T16:31:50","guid":{"rendered":"https:\/\/ocorreionews.com.br\/?p=13827"},"modified":"2015-10-30T13:31:50","modified_gmt":"2015-10-30T16:31:50","slug":"filha-de-assistente-social-de-sao-gabriel-esta-no-the-voice-brasil-2015","status":"publish","type":"post","link":"https:\/\/www.ocorreionews.com.br\/acervo-correio\/?p=13827","title":{"rendered":"Filha de assistente social de S\u00e3o Gabriel est\u00e1 no The Voice Brasil 2015"},"content":{"rendered":"<p>Lu\u00edsa Oliveira Amaral, filha da assistente social de S\u00e3o Gabriel do Oeste, Jaqueline Oliveira Amaral foi selecionada para participar do The Voice Brasil 2015, apresentado pela Rede Globo. A candidata se apresentou no reality musical na noite desta quinta-feira (29), no \u00faltimo dia da fase de audi\u00e7\u00f5es \u00e0s cegas do programa, garantindo a \u00faltima vaga no grupo de Carlinhos Brown. A jovem foi a \u00faltima candidata a se apresentar no palco do The Voice Brasil. Ela escolheu cantar \u201cHurt\u201d, de Christina Aguilera, para o quarteto de t\u00e9cnicos. A performance de Lu\u00edsa agradou e Carlinhos Brown virou a cadeira. Lu\u00edsa Amaral, que nasceu em Manaus e mora em Campo Grande, no Mato Grosso do Sul, vive apenas com o irm\u00e3o e mora longe dos pais. Tudo isso para continuar os estudos no col\u00e9gio militar. \u201cAinda n\u00e3o sei se vou seguir essa carreira. Pensei em faculdades como Economia, Psicologia, Ci\u00eancia Pol\u00edticas e Medicina\u201d, diz. Lu\u00edsa gosta de postar v\u00eddeos na internet mostrando seu repert\u00f3rio junto a um viol\u00e3o. A integrante do time Carlinhos Brown ainda comp\u00f5e em ingl\u00eas e portugu\u00eas. \u201cAs m\u00fasicas falam mais sobre a vida amorosa e relacionamentos em geral. Gosto de dizer que n\u00e3o sou eu, e tento contar uma hist\u00f3ria. Vou imaginando. Para escrever, \u00e0s vezes, pego o viol\u00e3o, \u00e0s vezes, n\u00e3o\u201d, afirma.<\/p>\n<p>Segundo informa\u00e7\u00f5es do site Veja Folha, Jaqueline, m\u00e3e de Lu\u00edsa, contou que mora em S\u00e3o Gabriel do Oeste, e que sua filha enviou um v\u00eddeo com sua apresenta\u00e7\u00e3o e foi selecionada para as audi\u00e7\u00f5es, uma em S\u00e3o Paulo e a \u00faltima no Rio de Janeiro. Ap\u00f3s essa fase, Luisa entrou para as eliminat\u00f3rias que aconteceu nos est\u00fadios do Projac.<\/p>\n<p>Jaqueline conta que Lu\u00edsa cantava desde os quatro anos e o irm\u00e3o dela tocava viol\u00e3o. \u201cEla aprendeu tocar viol\u00e3o aos 12. Eu e o pai cant\u00e1vamos no karaok\u00ea e eles sempre acompanharam juntos e tomaram gosto pela m\u00fasica. Ela j\u00e1 tem at\u00e9 composi\u00e7\u00e3o pr\u00f3pria\u201d, relata a m\u00e3e orgulhosa.<\/p>\n<p>A assistente social Jaqueline Amaral assumiu o concurso em 2012 em S\u00e3o Gabriel do Oeste onde exerce a fun\u00e7\u00e3o de secret\u00e1ria executiva dos conselhos, na Secretaria Municipal de S\u00e3o Gabriel do Oeste. Em sua p\u00e1gina no Facebook, Jaqueline disse \u201cpalavra de ordem: Gratid\u00e3o&#8230;Amigos voc\u00eas podem imaginar a emo\u00e7\u00e3o, mas sentir o que senti naquele momento, s\u00f3 estando ali, obrigada pessoal, que torceu, que vibrou, que assistiu&#8230;to enorme na tela, cara de desespero, mas a estrela \u00e9 ela&#8230;e estava maravilhosamente linda..cantou super bem e sei que n\u00e3o me emocionei sozinha, valeu torcida! Te Amo Lu\u201d.<\/p>\n<p><strong>The Voice Brasil<\/strong><\/p>\n<p>A partir da pr\u00f3xima semana, os candidatos se enfrentam nas novas fases da competi\u00e7\u00e3o chamadas de Batalhas, Rodada de Fogo, Shows ao Vivo e Grande Final. O \u00faltimo epis\u00f3dio dessa edi\u00e7\u00e3o do reality ir\u00e1 ao ar no dia 25 de dezembro. O vencedor sair\u00e1 com R$ 500 mil no bolso e gravar\u00e1 um \u00e1lbum pela Universal Music.<\/p>\n<p>Luma Danielle Centurion- Foto Isabella Pinheiro\/Gshow<\/p>\n","protected":false},"excerpt":{"rendered":"<p>Lu\u00edsa Oliveira Amaral, filha da assistente social de S\u00e3o Gabriel do Oeste, Jaqueline Oliveira Amaral foi selecionada para participar do The Voice Brasil 2015, apresentado pela Rede Globo. A candidata se apresentou no reality musical na noite desta quinta-feira (29), no \u00faltimo dia da fase de audi\u00e7\u00f5es \u00e0s cegas do programa, garantindo a \u00faltima vaga [&hellip;]<\/p>\n","protected":false},"author":4,"featured_media":13828,"comment_status":"closed","ping_status":"closed","sticky":false,"template":"","format":"standard","meta":{"footnotes":""},"categories":[27,31],"tags":[],"class_list":["post-13827","post","type-post","status-publish","format-standard","has-post-thumbnail","hentry","category-educacao","category-geral"],"_links":{"self":[{"href":"https:\/\/www.ocorreionews.com.br\/acervo-correio\/index.php?rest_route=\/wp\/v2\/posts\/13827","targetHints":{"allow":["GET"]}}],"collection":[{"href":"https:\/\/www.ocorreionews.com.br\/acervo-correio\/index.php?rest_route=\/wp\/v2\/posts"}],"about":[{"href":"https:\/\/www.ocorreionews.com.br\/acervo-correio\/index.php?rest_route=\/wp\/v2\/types\/post"}],"author":[{"embeddable":true,"href":"https:\/\/www.ocorreionews.com.br\/acervo-correio\/index.php?rest_route=\/wp\/v2\/users\/4"}],"replies":[{"embeddable":true,"href":"https:\/\/www.ocorreionews.com.br\/acervo-correio\/index.php?rest_route=%2Fwp%2Fv2%2Fcomments&post=13827"}],"version-history":[{"count":0,"href":"https:\/\/www.ocorreionews.com.br\/acervo-correio\/index.php?rest_route=\/wp\/v2\/posts\/13827\/revisions"}],"wp:featuredmedia":[{"embeddable":true,"href":"https:\/\/www.ocorreionews.com.br\/acervo-correio\/index.php?rest_route=\/wp\/v2\/media\/13828"}],"wp:attachment":[{"href":"https:\/\/www.ocorreionews.com.br\/acervo-correio\/index.php?rest_route=%2Fwp%2Fv2%2Fmedia&parent=13827"}],"wp:term":[{"taxonomy":"category","embeddable":true,"href":"https:\/\/www.ocorreionews.com.br\/acervo-correio\/index.php?rest_route=%2Fwp%2Fv2%2Fcategories&post=13827"},{"taxonomy":"post_tag","embeddable":true,"href":"https:\/\/www.ocorreionews.com.br\/acervo-correio\/index.php?rest_route=%2Fwp%2Fv2%2Ftags&post=13827"}],"curies":[{"name":"wp","href":"https:\/\/api.w.org\/{rel}","templated":true}]}}